{"id":1188,"date":"2019-11-20T11:51:08","date_gmt":"2019-11-20T10:51:08","guid":{"rendered":"https:\/\/blog.talentoteca.es\/?p=1188"},"modified":"2019-11-20T13:02:30","modified_gmt":"2019-11-20T12:02:30","slug":"aprender-a-programar-desde-cero","status":"publish","type":"post","link":"https:\/\/blog2.talentoteca.es\/blog\/aprender-a-programar-desde-cero\/","title":{"rendered":"\u00bfSe puede aprender a programar desde cero en pocas semanas?"},"content":{"rendered":"\n<p>Cada d\u00eda aparecen nuevos cursos y programas formativos que nos prometen convertirnos en programadores en un tiempo r\u00e9cord y sin que tengamos conocimientos previos en la materia. Ante este panorama se plantea una duda crucial: \u00bfSe puede aprender a programar desde cero en poco tiempo?\u00a0Es posible que s\u00ed, pero con matices.<\/p>\n\n\n\n<h2 class=\"wp-block-heading\">Qu\u00e9 es\nprogramar<sup><\/sup><\/h2>\n\n\n\n<p>En primer lugar, el poder aprender a programar en semanas o no <strong>depende de donde se parta. <\/strong>Est\u00e1 claro que\nsi ya tenemos una formaci\u00f3n que ayude a desarrollar la abstracci\u00f3n o si ya\ntenemos ese don por naturaleza nos ser\u00e1 m\u00e1s f\u00e1cil alcanzar ese objetivo\nprometido. <\/p>\n\n\n\n<p>Y es que <strong>programar no es m\u00e1s que buscar la soluci\u00f3n\nabstracta a un problema muy concreto<\/strong>. Para ello hay que tener un nivel de\ncomprensi\u00f3n del problema a solucionar muy alto de forma que seamos capaces de\ndesmenuzar ese problema en problemas m\u00e1s peque\u00f1os en un proceso que termina\ncuando alcanzamos piezas lo suficientemente peque\u00f1as como para poder ser\nsolucionadas con unas l\u00edneas de c\u00f3digo.&nbsp;<\/p>\n\n\n\n<h2 class=\"wp-block-heading\">Aprender un lenguaje de programaci\u00f3n<\/h2>\n\n\n\n<p>El c\u00f3digo\nes lo menos importante. Hay muchos lenguajes de programaci\u00f3n que funcionan en\ndistintos entornos. Es cierto que hay lenguajes m\u00e1s adecuados a determinado\ntipo de problemas que otros; hay lenguajes m\u00e1s desarrollados que otros que nos\npermiten no tener que disgregar tanto el problema inicial; hay lenguajes que se\nadaptan mejor a unas metodolog\u00edas u otras de programaci\u00f3n\u2026 Pero, en el fondo, <strong>el lenguaje de programaci\u00f3n es el idioma en\nel que hablamos. Lo realmente importante es la comprensi\u00f3n de la lengua que hay\npor debajo.<\/strong><strong><\/strong><\/p>\n\n\n\n<h2 class=\"wp-block-heading\">Tiempo necesario para aprender a programar <\/h2>\n\n\n\n<p>Parece\ndif\u00edcil asumir que podamos ense\u00f1ar programaci\u00f3n en tan solo seis semanas cuando\nlos profesionales dedican varios a\u00f1os a esta tarea. Sin embargo, puede ser\nposible dependiendo de d\u00f3nde queramos llegar. <\/p>\n\n\n\n<p><strong>No todos los programadores se enfrentar\u00e1n a retos tan complejos como para tener que contar con la formaci\u00f3n de un ingeniero <\/strong>de inform\u00e1tica. Para muchos, la programaci\u00f3n formar\u00e1 parte de sus tareas, pero quiz\u00e1 no sea el grueso de su dedicaci\u00f3n. Para este grupo es muy probable que una formaci\u00f3n para <a href=\"https:\/\/www.xataka.com\/otros\/hay-quien-dice-poder-convertirte-en-programador-desde-cero-en-10-semanas\" target=\"_blank\" rel=\"noreferrer noopener\" aria-label=\"aprender a programar en semanas (opens in a new tab)\">aprender a programar en semanas<\/a> sea suficiente o al menos un muy buen principio.<\/p>\n\n\n\n<p>Adem\u00e1s<strong>, la programaci\u00f3n es el nuevo ingl\u00e9s<\/strong>.\nEs algo que, en mayor o menor medida, todos tenemos que manejar a d\u00eda de hoy y esto\nse acentuar\u00e1 en un futuro m\u00e1s pr\u00f3ximo.&nbsp;<\/p>\n\n\n\n<p>En resumen,&nbsp;si\nnunca has tenido contacto con la programaci\u00f3n, ese curso de seis semanas no te\nsolucionar\u00e1 la vida ni dar\u00e1 un giro a tu carrera profesional, pero sin duda te\nposicionar\u00e1 mejor ante nuevos retos que se te planteen.<\/p>\n\n\n\n<p>Quien sabe;\nquiz\u00e1s descubras una pasi\u00f3n. La programaci\u00f3n te plantea retos cada d\u00eda,\npruebas, casi juegos. No te deja aburrirte ni caer en la monoton\u00eda porque cada\nd\u00eda es un ejercicio nuevo de habilidad mental.<\/p>\n","protected":false},"excerpt":{"rendered":"<p>\u00c1ngel Ruiz, experto en inform\u00e1tica, nos da su opini\u00f3n sobre si se puede o no aprender a programar desde cero, algo que cada vez prometen m\u00e1s formaciones.<\/p>\n","protected":false},"author":14,"featured_media":1189,"comment_status":"open","ping_status":"open","sticky":false,"template":"","format":"standard","meta":{"om_disable_all_campaigns":false,"_exactmetrics_skip_tracking":false,"_exactmetrics_sitenote_active":false,"_exactmetrics_sitenote_note":"","_exactmetrics_sitenote_category":0,"_uf_show_specific_survey":0,"_uf_disable_surveys":false,"footnotes":""},"categories":[104],"tags":[],"class_list":["post-1188","post","type-post","status-publish","format-standard","has-post-thumbnail","hentry","category-actualidad-profesional"],"aioseo_notices":[],"wps_subtitle":"","_links":{"self":[{"href":"https:\/\/blog2.talentoteca.es\/blog\/wp-json\/wp\/v2\/posts\/1188","targetHints":{"allow":["GET"]}}],"collection":[{"href":"https:\/\/blog2.talentoteca.es\/blog\/wp-json\/wp\/v2\/posts"}],"about":[{"href":"https:\/\/blog2.talentoteca.es\/blog\/wp-json\/wp\/v2\/types\/post"}],"author":[{"embeddable":true,"href":"https:\/\/blog2.talentoteca.es\/blog\/wp-json\/wp\/v2\/users\/14"}],"replies":[{"embeddable":true,"href":"https:\/\/blog2.talentoteca.es\/blog\/wp-json\/wp\/v2\/comments?post=1188"}],"version-history":[{"count":2,"href":"https:\/\/blog2.talentoteca.es\/blog\/wp-json\/wp\/v2\/posts\/1188\/revisions"}],"predecessor-version":[{"id":1192,"href":"https:\/\/blog2.talentoteca.es\/blog\/wp-json\/wp\/v2\/posts\/1188\/revisions\/1192"}],"wp:featuredmedia":[{"embeddable":true,"href":"https:\/\/blog2.talentoteca.es\/blog\/wp-json\/wp\/v2\/media\/1189"}],"wp:attachment":[{"href":"https:\/\/blog2.talentoteca.es\/blog\/wp-json\/wp\/v2\/media?parent=1188"}],"wp:term":[{"taxonomy":"category","embeddable":true,"href":"https:\/\/blog2.talentoteca.es\/blog\/wp-json\/wp\/v2\/categories?post=1188"},{"taxonomy":"post_tag","embeddable":true,"href":"https:\/\/blog2.talentoteca.es\/blog\/wp-json\/wp\/v2\/tags?post=1188"}],"curies":[{"name":"wp","href":"https:\/\/api.w.org\/{rel}","templated":true}]}}