{"id":1374,"date":"2020-03-09T17:39:37","date_gmt":"2020-03-09T16:39:37","guid":{"rendered":"https:\/\/blog.talentoteca.es\/?p=1374"},"modified":"2020-03-09T17:39:45","modified_gmt":"2020-03-09T16:39:45","slug":"pensamientos-de-un-millenial-radiografia-de-una-generacion","status":"publish","type":"post","link":"https:\/\/blog2.talentoteca.es\/blog\/pensamientos-de-un-millenial-radiografia-de-una-generacion\/","title":{"rendered":"Pensamientos de un Millenial: Radiograf\u00eda de una generaci\u00f3n"},"content":{"rendered":"\n<p>Millenial. Qu\u00e9 gran palabra.\nYa no sabemos si tomarla como alabanza de una generaci\u00f3n, en su mayor\u00eda\naltamente preparada, o como una burla hacia un grupo de personas conocido por\nsu inconformismo o \u201cpasotismo\u201d. Pero, la verdadera pregunta es:<strong> \u00bfqu\u00e9 hay dentro de la cabeza de un\nmillenial? \u00bfSomos en realidad tan inconformistas como dicen? <\/strong>\u00bfO en realidad\nes que no nos han descifrado a\u00fan? Si te atreves a intentar descifrarlo, toma la\npastilla roja y ad\u00e9ntrate con nosotros en esta reflexi\u00f3n, que seguramente se\ndivida en varias entregas, contando, adem\u00e1s, las aventuras y desventuras de un\nMillenial\u2026<\/p>\n\n\n\n<p>Lo primero de todo, aunque\nya se haya repetido hasta la saciedad, es saber <strong>qui\u00e9nes somos los millenial<\/strong>. No; no somos una raza distinta, ni\nseres superiores venidos de un espacio-tiempo distinto. Somos la generaci\u00f3n\nnacida entre los a\u00f1os 1981 y 1996, nada m\u00e1s y nada menos. \u00bfQu\u00e9 pasa por nacer\nentre estos a\u00f1os? \u00bfQu\u00e9 particularidades tiene esta generaci\u00f3n que tanto da qu\u00e9\nhablar?<\/p>\n\n\n\n<h2 class=\"wp-block-heading\">Caracter\u00edsticas de la\nGeneraci\u00f3n Millenial<\/h2>\n\n\n\n<ul class=\"wp-block-list\"><li>Lo primero de todo es que casi siempre nos ver\u00e1s <strong>pegados a la pantalla de un m\u00f3vil<\/strong> o de un ordenador (aunque bueno, es cierto que hoy casi todo el mundo est\u00e1 pegado a una\u2026). Pero s\u00ed es cierto que los millenial somos esa generaci\u00f3n digital, h\u00e1bil con cualquier dispositivo o herramienta que comience con la letra \u201ci\u201d (ya sea iPhone o iCloud o iTunes) revisando redes sociales, publicando en ellas, charlando \u2026 Y esto ya da una pista bastante importante de como poder conectar con nosotros\u2026 pero sigamos descifrando un poco m\u00e1s.<\/li><\/ul>\n\n\n\n<ul class=\"wp-block-list\"><li>Somos una <strong>generaci\u00f3n altamente preparada<\/strong>; con estudios. Y no solo eso, sino que es una generaci\u00f3n <strong>dispuesta a emprender<\/strong>, capaz de generar nuevas ideas, metodolog\u00edas y flujos de trabajo que generaciones anteriores son incapaces de ver. Se podr\u00eda decir que son una generaci\u00f3n disruptiva (siempre y cuando se nos deje, que no muchas veces pasa\u2026). <\/li><\/ul>\n\n\n\n<ul class=\"wp-block-list\"><li>Adem\u00e1s, somos <strong>sociables y comprometidos con diferentes causas<\/strong>: medioambiente, feminismo, migraci\u00f3n\u2026 y esto lo aplicamos a nuestra manera de ver y actuar en el mundo y en nuestro entorno.<\/li><\/ul>\n\n\n\n<ul class=\"wp-block-list\"><li>Y s\u00ed: <strong>buscamos diferenciarnos<\/strong> unos de otros (aunque en el fondo esa diferencia cause que muchos nos parezcamos, pero eso ya es otro tema). Muchos llevamos piercings, tatuajes, mo\u00f1os o coletas\u2026 \u00bfy? \u00bfQu\u00e9 pasa por tener algo de esto? Esto solo te dice que somos personas atrevidas, con historias detr\u00e1s. No te da ninguna pista de nuestra manera de actuar en un ambiente laboral\u2026 y parece que, a\u00fan en el a\u00f1o 2020, hay personas a las que esto no les entra en la cabeza.<\/li><\/ul>\n\n\n\n<p>Por tanto, este primer\ncap\u00edtulo de esta serie de catastr\u00f3ficas desdichas desde la mente de un\nmillenial, ha servido para radiografiar a esta generaci\u00f3n, intentando descifrar\nsu mente e inquietudes. <\/p>\n\n\n\n<p>En los siguientes posts,\nveremos aventuras, experiencias y reflexiones de un millenial a la hora de\nbuscar trabajo, ir a una entrevista, ya que lo que le pas\u00f3 a, llam\u00e9mosle \u201cIto\u201d,\npuede servir de ayuda o reflexi\u00f3n para otros. <\/p>\n","protected":false},"excerpt":{"rendered":"<p>\u00bfC\u00f3mo es de verdad la generaci\u00f3n Millenial? En &#8220;Pensamientos de un millenial&#8221; lo ir\u00e1s descubriendo poco a poco.<\/p>\n","protected":false},"author":27,"featured_media":1375,"comment_status":"open","ping_status":"open","sticky":false,"template":"","format":"standard","meta":{"om_disable_all_campaigns":false,"_exactmetrics_skip_tracking":false,"_exactmetrics_sitenote_active":false,"_exactmetrics_sitenote_note":"","_exactmetrics_sitenote_category":0,"_uf_show_specific_survey":0,"_uf_disable_surveys":false,"footnotes":""},"categories":[106],"tags":[],"class_list":["post-1374","post","type-post","status-publish","format-standard","has-post-thumbnail","hentry","category-fuera-de-la-oficina"],"aioseo_notices":[],"wps_subtitle":"","_links":{"self":[{"href":"https:\/\/blog2.talentoteca.es\/blog\/wp-json\/wp\/v2\/posts\/1374","targetHints":{"allow":["GET"]}}],"collection":[{"href":"https:\/\/blog2.talentoteca.es\/blog\/wp-json\/wp\/v2\/posts"}],"about":[{"href":"https:\/\/blog2.talentoteca.es\/blog\/wp-json\/wp\/v2\/types\/post"}],"author":[{"embeddable":true,"href":"https:\/\/blog2.talentoteca.es\/blog\/wp-json\/wp\/v2\/users\/27"}],"replies":[{"embeddable":true,"href":"https:\/\/blog2.talentoteca.es\/blog\/wp-json\/wp\/v2\/comments?post=1374"}],"version-history":[{"count":1,"href":"https:\/\/blog2.talentoteca.es\/blog\/wp-json\/wp\/v2\/posts\/1374\/revisions"}],"predecessor-version":[{"id":1376,"href":"https:\/\/blog2.talentoteca.es\/blog\/wp-json\/wp\/v2\/posts\/1374\/revisions\/1376"}],"wp:featuredmedia":[{"embeddable":true,"href":"https:\/\/blog2.talentoteca.es\/blog\/wp-json\/wp\/v2\/media\/1375"}],"wp:attachment":[{"href":"https:\/\/blog2.talentoteca.es\/blog\/wp-json\/wp\/v2\/media?parent=1374"}],"wp:term":[{"taxonomy":"category","embeddable":true,"href":"https:\/\/blog2.talentoteca.es\/blog\/wp-json\/wp\/v2\/categories?post=1374"},{"taxonomy":"post_tag","embeddable":true,"href":"https:\/\/blog2.talentoteca.es\/blog\/wp-json\/wp\/v2\/tags?post=1374"}],"curies":[{"name":"wp","href":"https:\/\/api.w.org\/{rel}","templated":true}]}}