{"id":1445,"date":"2020-03-23T16:48:58","date_gmt":"2020-03-23T15:48:58","guid":{"rendered":"https:\/\/blog.talentoteca.es\/?p=1445"},"modified":"2020-03-23T16:49:00","modified_gmt":"2020-03-23T15:49:00","slug":"pensamientos-de-un-millenial-la-cuarentena","status":"publish","type":"post","link":"https:\/\/blog2.talentoteca.es\/blog\/pensamientos-de-un-millenial-la-cuarentena\/","title":{"rendered":"Pensamientos de un Millenial: La cuarentena"},"content":{"rendered":"\n<p>Qui\u00e9n nos iba a decir a nosotros,\nla generaci\u00f3n Millennial, que \u00edbamos a vivir una pandemia mundial t\u00edpica de una\nserie de esas que tanto nos gusta disfrutar tirados en el sof\u00e1.<\/p>\n\n\n\n<p>Si nuestra generaci\u00f3n ya ten\u00eda\netiquetas impuestas y ya se dec\u00eda que era una <strong>generaci\u00f3n marcada por diversas situaciones y fen\u00f3menos culturales y\nsociales <\/strong>que hab\u00edan pasado a lo largo de su desarrollo \u201cevolutivo\u201d \u2026\nsumemos <strong>uno m\u00e1s: el Covid-19<\/strong>.<\/p>\n\n\n\n<p>Hemos pasado, de la noche a la\nma\u00f1ana, a dejar vac\u00edas oficinas, metro, autobuses, parques, bares y terrazas.\nHemos pasado del \u201cquedamos para tomar una cerveza en el bar\u201d a \u201cquedamos a las\n21:00 para hacer Skype y tomar una cerveza juntos\u201d, entre otras muchas cosas. \u00bfC\u00f3mo\nvive y ve un millennial esta situaci\u00f3n de confinamiento? <\/p>\n\n\n\n<h2 class=\"wp-block-heading\">Ventajas de ser Millenial durante una cuarentena<\/h2>\n\n\n\n<p>Aunque parezca mentira, un\nmillenial vive esta situaci\u00f3n igual que cualquier otra persona. Al final,\naunque tengamos nuestras diferencias, somos todos seres humanos, y todos\nnecesitamos las mismas cosas: relacionarnos, contacto social, vernos, tocarnos,\nsentirnos, re\u00edr juntos\u2026<\/p>\n\n\n\n<p>Sin embargo, es cierto que el ser\npersonas digitales nos facilita mucho mantener este nuevo contacto que ha\nsurgido (por imposici\u00f3n de la situaci\u00f3n): <strong>el\ncontacto virtual<\/strong>. Nunca las redes sociales fueron tan importantes como\nahora. Nunca los \u201clikes\u201d, los comentarios y los videos hab\u00edan sido tan\nimportantes como ahora. Y nunca esas mentes tan inquietas como las nuestras\nestuvieron tan a pleno rendimiento como ahora, buscando nuevas formas y maneras\nde relacionarnos. <\/p>\n\n\n\n<p>Tomar cervezas virtuales, hacer podcast\nentre amigos, ponerse de acuerdo para ver una serie o una pel\u00edcula determinada\ny comentarla online, jugar a juegos de mesa de manera virtuales, cadenas y\nchallenges a trav\u00e9s de las redes sociales&#8230; Esto es una <strong>peque\u00f1a muestra de todas las ocurrencias que han surgido en estos\nprimeros d\u00edas de cuarentena<\/strong>. <\/p>\n\n\n\n<p>Porque s\u00ed: han pasado ya 7 d\u00edas.\n7 d\u00edas en los que seguro hemos llorado, hemos sufrido, pero tambi\u00e9n hemos re\u00eddo\ny disfrutado de cosas que antes no hab\u00edamos apreciado o, m\u00e1s bien, no hab\u00edamos\nsabido apreciar. <\/p>\n\n\n\n<h2 class=\"wp-block-heading\">Un mensaje de \u00e1nimo<\/h2>\n\n\n\n<p>Quiero que este post, no sea solo una visi\u00f3n a trav\u00e9s de los ojos de un millennial; quiero que sirva tambi\u00e9n como mensaje de \u00e1nimo. Esto es una situaci\u00f3n nueva para todos, pero es <strong>una situaci\u00f3n que va a darnos nuevas herramientas, nuevas visiones y va a hacer evolucionar nuestra mente una vez m\u00e1s<\/strong>. Cuando miremos atr\u00e1s en el futuro, y recordemos estos d\u00edas, nos sentiremos orgullosos de aquellas ideas que nacieron de la imposici\u00f3n de un virus y de c\u00f3mo la sociedad en su conjunto, y nuestra generaci\u00f3n en particular, estuvo a la altura como otras tantas veces.<\/p>\n\n\n\n<p>Por eso, aunque esta situaci\u00f3n vaya a continuar a\u00fan un poco m\u00e1s; que no dejen de surgir nuevos challenges, nuevas cadenas, nuevas fotos graciosas antiguas, nuevas canciones, nuevas series y nuevas ocurrencias. La m\u00eda ser\u00e1 intentar <strong>amenizaros el confinamiento<\/strong> con alg\u00fan que otro post. Intentar\u00e9 que sean lo m\u00e1s interesantes posibles.<\/p>\n","protected":false},"excerpt":{"rendered":"<p>\u00bfC\u00f3mo vive un millenial la cuarentena? Nuestro compa\u00f1ero \u00c1lvaro te lo cuenta.<\/p>\n","protected":false},"author":27,"featured_media":1375,"comment_status":"open","ping_status":"open","sticky":false,"template":"","format":"standard","meta":{"om_disable_all_campaigns":false,"_exactmetrics_skip_tracking":false,"_exactmetrics_sitenote_active":false,"_exactmetrics_sitenote_note":"","_exactmetrics_sitenote_category":0,"_uf_show_specific_survey":0,"_uf_disable_surveys":false,"footnotes":""},"categories":[106],"tags":[],"class_list":["post-1445","post","type-post","status-publish","format-standard","has-post-thumbnail","hentry","category-fuera-de-la-oficina"],"aioseo_notices":[],"wps_subtitle":"","_links":{"self":[{"href":"https:\/\/blog2.talentoteca.es\/blog\/wp-json\/wp\/v2\/posts\/1445","targetHints":{"allow":["GET"]}}],"collection":[{"href":"https:\/\/blog2.talentoteca.es\/blog\/wp-json\/wp\/v2\/posts"}],"about":[{"href":"https:\/\/blog2.talentoteca.es\/blog\/wp-json\/wp\/v2\/types\/post"}],"author":[{"embeddable":true,"href":"https:\/\/blog2.talentoteca.es\/blog\/wp-json\/wp\/v2\/users\/27"}],"replies":[{"embeddable":true,"href":"https:\/\/blog2.talentoteca.es\/blog\/wp-json\/wp\/v2\/comments?post=1445"}],"version-history":[{"count":1,"href":"https:\/\/blog2.talentoteca.es\/blog\/wp-json\/wp\/v2\/posts\/1445\/revisions"}],"predecessor-version":[{"id":1446,"href":"https:\/\/blog2.talentoteca.es\/blog\/wp-json\/wp\/v2\/posts\/1445\/revisions\/1446"}],"wp:featuredmedia":[{"embeddable":true,"href":"https:\/\/blog2.talentoteca.es\/blog\/wp-json\/wp\/v2\/media\/1375"}],"wp:attachment":[{"href":"https:\/\/blog2.talentoteca.es\/blog\/wp-json\/wp\/v2\/media?parent=1445"}],"wp:term":[{"taxonomy":"category","embeddable":true,"href":"https:\/\/blog2.talentoteca.es\/blog\/wp-json\/wp\/v2\/categories?post=1445"},{"taxonomy":"post_tag","embeddable":true,"href":"https:\/\/blog2.talentoteca.es\/blog\/wp-json\/wp\/v2\/tags?post=1445"}],"curies":[{"name":"wp","href":"https:\/\/api.w.org\/{rel}","templated":true}]}}