{"id":2030,"date":"2021-02-01T08:00:59","date_gmt":"2021-02-01T06:00:59","guid":{"rendered":"https:\/\/blog.talentoteca.es\/?p=2030"},"modified":"2021-02-01T09:48:05","modified_gmt":"2021-02-01T07:48:05","slug":"no-hay-ciencia-aplicada-sin-ciencia-basica","status":"publish","type":"post","link":"https:\/\/blog2.talentoteca.es\/blog\/no-hay-ciencia-aplicada-sin-ciencia-basica\/","title":{"rendered":"No hay ciencia aplicada sin ciencia b\u00e1sica"},"content":{"rendered":"\n<p>Si te digo &#8216;investigaci\u00f3n cient\u00edfica&#8217;, seguramente pienses en el desarrollo de una vacuna o la creaci\u00f3n de un nuevo biocombustible. Sin embargo, si has pensado en la confirmaci\u00f3n de la existencia de una nueva part\u00edcula elemental o el \u00faltimo experimento en microgravedad en la estaci\u00f3n espacial internacional, no ibas por mal camino.<\/p>\n\n\n\n<p>En efecto, todos estos ejemplos est\u00e1n relacionados con la <a href=\"https:\/\/blog.talentoteca.es\/las-noticias-cientificas-del-2020\/\">ciencia<\/a>, pero de formas diferentes. En el primer caso hablamos de ciencia aplicada y en el segundo de ciencia b\u00e1sica.<\/p>\n\n\n\n<h5 class=\"wp-block-heading\">Ciencia b\u00e1sica y ciencia aplicada<\/h5>\n\n\n\n<p>La ciencia aplicada se refiere a toda aquella actividad que tiene como fin usar el conocimiento para crear algo \u00fatil y pr\u00e1ctico. La ciencia b\u00e1sica, en cambio, tiene como principal meta la generaci\u00f3n de conocimiento, el \u201csaber por saber\u201d, de un tema sin pretensiones a corto o medio plazo.&nbsp;<\/p>\n\n\n\n<p>Cuando un periodo de crisis azota la econom\u00eda, la ciencia b\u00e1sica se convierte en uno de los principales enemigos p\u00fablicos: \u201c\u00bfC\u00f3mo vamos a buscar agua en Marte mientras millones de personas no disponen de agua potable en la Tierra?\u201d o \u201c\u00a1Estamos tirando a la basura millones de euros en un sat\u00e9lite de observaci\u00f3n!\u201d son frases que se oyen recurrentemente. Este tipo de argumentos incorrectos da\u00f1an la imagen de la ciencia b\u00e1sica y hacen a la gente pensar que ese dinero est\u00e1 siendo malgastado. Lo cierto es que este dinero en ning\u00fan caso es desperdiciado.<\/p>\n\n\n\n<p>Por si no es suficiente argumento a favor de la ciencia b\u00e1sica la pura obtenci\u00f3n de conocimiento, cabe se\u00f1alar que esta es el cimiento sobre el que puede desarrollarse la ciencia aplicada. \u00bfC\u00f3mo ser\u00edamos capaces de generar vacunas sin los conocimientos sobre el ARN-m? \u00bfSab\u00edas que gracias a la exploraci\u00f3n espacial tenemos paneles solares m\u00e1s eficientes, telas ign\u00edfugas e incluso el uso generalizado del velcro?<\/p>\n\n\n\n<p>La ciencia b\u00e1sica es la semilla de donde brota la innovaci\u00f3n y el desarrollo tecnol\u00f3gico que nos permite vivir en un mundo automatizado, c\u00f3modo y desarrollado. Qui\u00e9n sabe si el pr\u00f3ximo tratamiento contra el c\u00e1ncer est\u00e1 basado en investigaciones sobre f\u00edsica cu\u00e1ntica&#8230;No lo dudes, la ciencia b\u00e1sica no es un desperdicio; es invertir en nuestro futuro.&nbsp;<\/p>\n","protected":false},"excerpt":{"rendered":"<p>Si te digo &#8216;investigaci\u00f3n cient\u00edfica&#8217;, seguramente pienses en el desarrollo de una vacuna o la creaci\u00f3n de un nuevo biocombustible. Sin embargo, si has pensado en la confirmaci\u00f3n de la existencia de una nueva part\u00edcula elemental o el \u00faltimo experimento en microgravedad en la estaci\u00f3n espacial internacional, no ibas por mal camino. En efecto, todos estos ejemplos est\u00e1n relacionados con la ciencia, pero de formas diferentes. En el primer caso hablamos de ciencia aplicada y en el segundo de ciencia b\u00e1sica. Ciencia b\u00e1sica y ciencia aplicada La ciencia aplicada se refiere a toda aquella actividad que tiene como fin usar el conocimiento para crear algo \u00fatil y pr\u00e1ctico. La ciencia b\u00e1sica, en cambio, tiene como principal meta la generaci\u00f3n de conocimiento, el \u201csaber por saber\u201d, de un tema sin pretensiones a corto o medio plazo.&nbsp; Cuando un periodo de crisis azota la econom\u00eda, la ciencia b\u00e1sica se convierte en uno [&hellip;]<\/p>\n","protected":false},"author":62,"featured_media":2032,"comment_status":"open","ping_status":"open","sticky":false,"template":"","format":"standard","meta":{"om_disable_all_campaigns":false,"_exactmetrics_skip_tracking":false,"_exactmetrics_sitenote_active":false,"_exactmetrics_sitenote_note":"","_exactmetrics_sitenote_category":0,"_uf_show_specific_survey":0,"_uf_disable_surveys":false,"footnotes":""},"categories":[104],"tags":[],"class_list":["post-2030","post","type-post","status-publish","format-standard","has-post-thumbnail","hentry","category-actualidad-profesional"],"aioseo_notices":[],"wps_subtitle":"","_links":{"self":[{"href":"https:\/\/blog2.talentoteca.es\/blog\/wp-json\/wp\/v2\/posts\/2030","targetHints":{"allow":["GET"]}}],"collection":[{"href":"https:\/\/blog2.talentoteca.es\/blog\/wp-json\/wp\/v2\/posts"}],"about":[{"href":"https:\/\/blog2.talentoteca.es\/blog\/wp-json\/wp\/v2\/types\/post"}],"author":[{"embeddable":true,"href":"https:\/\/blog2.talentoteca.es\/blog\/wp-json\/wp\/v2\/users\/62"}],"replies":[{"embeddable":true,"href":"https:\/\/blog2.talentoteca.es\/blog\/wp-json\/wp\/v2\/comments?post=2030"}],"version-history":[{"count":2,"href":"https:\/\/blog2.talentoteca.es\/blog\/wp-json\/wp\/v2\/posts\/2030\/revisions"}],"predecessor-version":[{"id":2047,"href":"https:\/\/blog2.talentoteca.es\/blog\/wp-json\/wp\/v2\/posts\/2030\/revisions\/2047"}],"wp:featuredmedia":[{"embeddable":true,"href":"https:\/\/blog2.talentoteca.es\/blog\/wp-json\/wp\/v2\/media\/2032"}],"wp:attachment":[{"href":"https:\/\/blog2.talentoteca.es\/blog\/wp-json\/wp\/v2\/media?parent=2030"}],"wp:term":[{"taxonomy":"category","embeddable":true,"href":"https:\/\/blog2.talentoteca.es\/blog\/wp-json\/wp\/v2\/categories?post=2030"},{"taxonomy":"post_tag","embeddable":true,"href":"https:\/\/blog2.talentoteca.es\/blog\/wp-json\/wp\/v2\/tags?post=2030"}],"curies":[{"name":"wp","href":"https:\/\/api.w.org\/{rel}","templated":true}]}}