{"id":2143,"date":"2021-04-12T08:00:07","date_gmt":"2021-04-12T06:00:07","guid":{"rendered":"https:\/\/blog.talentoteca.es\/?p=2143"},"modified":"2021-04-12T09:41:07","modified_gmt":"2021-04-12T07:41:07","slug":"marca-personal-para-dummies","status":"publish","type":"post","link":"https:\/\/blog2.talentoteca.es\/blog\/marca-personal-para-dummies\/","title":{"rendered":"Marca personal para Dummies"},"content":{"rendered":"\n<p>\u00a1Hoooola! \ud83d\ude09 Hac\u00eda mucho que no me pasaba por aqu\u00ed a contaros cosillas de millenials. Y qu\u00e9 hay m\u00e1s millenial que hablar de la marca personal en \u00e9poca de influencers e instagramers, \u00bfeh? Pues eso es de lo que hoy os he venido a hablar, de qu\u00e9 es la marca personal y de las ventajas de contar con ella en el \u00e1mbito profesional.<\/p>\n\n\n\n<h2 class=\"wp-block-heading\"><strong>\u00bfQu\u00e9 es la marca personal?<\/strong><\/h2>\n\n\n\n<p>Antes de empezar a hablar de este concepto hay que saber exactamente qu\u00e9 es. Aunque parezca un t\u00e9rmino complejo, la marca personal no es m\u00e1s que <strong>la manera en la que te percibe el resto de personas debido a tus acciones<\/strong>, tanto en el mundo offline, como en el mundo digital.<\/p>\n\n\n\n<p>Hoy en d\u00eda, en este mundo el que\nnacemos con un smartphone debajo del brazo, es casi m\u00e1s importante el rastro\nque dejamos con nuestras acciones en el mundo online que en la vida real por lo\nque es muy importante que sepas trasladar un buen mensaje al mundo.<\/p>\n\n\n\n<h2 class=\"wp-block-heading\"><strong>Ventajas de tener una marca personal<\/strong><\/h2>\n\n\n\n<p>Posiblemente te est\u00e9s preguntando que para qu\u00e9 quieres tener una marca personal. Pues es sencillo. Imag\u00ednate la siguiente situaci\u00f3n: Dos personas con los mismos estudios, y pr\u00e1cticamente la misma experiencia profesional en el <a href=\"https:\/\/blog.talentoteca.es\/modelos-cv-segun-objetivos-profesionales\/\">curr\u00edculum<\/a>, aplican a la misma oferta de empleo o de pr\u00e1cticas formativas. La diferencia es que uno de ellos ha usado las redes sociales, por ejemplo, <strong>Linkedin o Instagram<\/strong>, para compartir publicaciones interesantes sobre su \u00e1rea y \u00e1mbito profesional. Para su beneficio, este contenido lo ha visto la persona responsable del proceso de selecci\u00f3n de la oferta a la que ha aplicado. Creo que ya vas entendiendo por d\u00f3nde voy y posiblemente te est\u00e9s preguntando qu\u00e9 va a pasar ahora.<\/p>\n\n\n\n<p>Bien, pues, aunque esto no es una\nciencia exacta, es muy probable que la persona que tiene creada una marca\npersonal tenga m\u00e1s posibilidades de conseguir ese trabajo o esas pr\u00e1cticas que\naquella persona que no la tiene creada.<\/p>\n\n\n\n<p>Esta es una de las muchas razones por las que <strong>es muy valioso e importante dedicar tiempo a crear y profundizar en nuestra marca personal<\/strong> y la manera en la que queremos mostrarnos al resto del mundo.<\/p>\n\n\n\n<div class=\"wp-block-image\"><figure class=\"aligncenter\"><img loading=\"lazy\" decoding=\"async\" width=\"6000\" height=\"4000\" src=\"https:\/\/blog.talentoteca.es\/wp-content\/uploads\/2021\/03\/Marca-personal.jpg\" alt=\"Marca personal\" class=\"wp-image-2158\"\/><\/figure><\/div>\n\n\n\n<h2 class=\"wp-block-heading\"><strong>Consejos para mejorar tu marca\npersonal<\/strong><\/h2>\n\n\n\n<p>Una vez hemos visto qu\u00e9 es la\nmarca personal y por qu\u00e9 es importante trabajar en ella, te voy a dar una serie\nde consejos para mejorar y potenciar tu marca personal para que cambie la\nhuella que dejas de ti.<\/p>\n\n\n\n<h3 class=\"wp-block-heading\">1. No copiar\u00e1s<\/h3>\n\n\n\n<p>\u00bfPuedo fijarme en referentes del sector al que me quiero dedicar? S\u00ed. \u00bfTengo que copiar absolutamente todo lo que hacen y dicen? No. Al final, lo m\u00e1s importante de tener una marca personal es que lo adaptes a ti. Puedes tomar como referencia lo que hacen otros compa\u00f1eros y qu\u00e9 manera de comunicar utilizan. No obstante, es fundamental que <strong>la naturalidad y la personalidad sea el pilar de tu marca personal.<\/strong><\/p>\n\n\n\n<h3 class=\"wp-block-heading\">2. Detecta tus objetivos<\/h3>\n\n\n\n<p>Antes de nada, es muy importante que te tomes un tiempo a reflexionar qu\u00e9 buscas y qu\u00e9 quieres. En definitiva, tienes que tener muy claros tus objetivos profesionales. Tambi\u00e9n <strong>te recomiendo que priorices entre tus objetivos<\/strong>, porque podemos querer ser cocineros de un restaurante de prestigio, pero a\u00fan no dominamos la t\u00e9cnica de la tortilla francesa. Por lo tanto, paso a paso que todo llega.<\/p>\n\n\n\n<h3 class=\"wp-block-heading\">3. \u00bfQui\u00e9n es tu p\u00fablico?<\/h3>\n\n\n\n<p>Despu\u00e9s de detectar tus objetivos, te recomiendo que detectes a qui\u00e9n te est\u00e1s o quieres dirigir, es decir, qui\u00e9n es tu p\u00fablico. Esto te ayudar\u00e1 a organizar el mensaje y las acciones y, sobre todo, a ahorrar mucho tiempo. Tienes que tener claro que, aunque tus mensajes y tu imagen puedan ser perfectas, es mucho mejor que sepas dirigirte a un <strong>p\u00fablico espec\u00edfico<\/strong>: profesionales del sector, amigos, profesionales del \u00e1rea al que quieres llegar, etc. <\/p>\n\n\n\n<h3 class=\"wp-block-heading\">4. Elabora un plan de acci\u00f3n<\/h3>\n\n\n\n<p>Una vez que tenemos un modelo a\nseguir, hemos establecido los objetivos y conocemos a qui\u00e9n queremos dirigirnos\ny c\u00f3mo hacerlo, el siguiente paso es pensar qu\u00e9 cosas vamos a hacer. <\/p>\n\n\n\n<p>Te recomiendo que elabores <strong>un calendario para organizar las diversas acciones<\/strong> que vas a poder plantear en las redes sociales: v\u00eddeos, posts, publicaciones que quieras compartir, etc. Estas son solo algunas ideas, pero recuerda que hay muchas cosas que puedes elaborar para trabajar en tu marca personal. Sobre todo, \u00a1creatividad al poder!<\/p>\n\n\n\n<p>Espero que estos consejos te hayan servido para empezar a desarrollar mejor tu marca personal. Ahora solo te queda ponerte manos a la obra y crear tu propio mensaje. Ahhhh y recuerda que, si est\u00e1s buscando unas pr\u00e1cticas formativas o un primer empleo, no te pierdas todas las ofertas que hay disponibles en <a href=\"http:\/\/www.talentoteca.es\">www.talentoteca.es<\/a> \ud83d\ude09<\/p>\n\n\n\n<p>\u00a1Nos vemos por las redes, Millennials!<\/p>\n","protected":false},"excerpt":{"rendered":"<p>\u00bfQuieres saber qu\u00e9 es la marca personal y por qu\u00e9 es importante trabajar en ella para tu futuro profesional? Desc\u00fabrelo en este post.<\/p>\n","protected":false},"author":27,"featured_media":2153,"comment_status":"open","ping_status":"open","sticky":false,"template":"","format":"standard","meta":{"om_disable_all_campaigns":false,"_exactmetrics_skip_tracking":false,"_exactmetrics_sitenote_active":false,"_exactmetrics_sitenote_note":"","_exactmetrics_sitenote_category":0,"_uf_show_specific_survey":0,"_uf_disable_surveys":false,"footnotes":""},"categories":[104],"tags":[113,154,155,132],"class_list":["post-2143","post","type-post","status-publish","format-standard","has-post-thumbnail","hentry","category-actualidad-profesional","tag-empleo","tag-marca-personal","tag-personal-brand","tag-practicas"],"aioseo_notices":[],"wps_subtitle":"","_links":{"self":[{"href":"https:\/\/blog2.talentoteca.es\/blog\/wp-json\/wp\/v2\/posts\/2143","targetHints":{"allow":["GET"]}}],"collection":[{"href":"https:\/\/blog2.talentoteca.es\/blog\/wp-json\/wp\/v2\/posts"}],"about":[{"href":"https:\/\/blog2.talentoteca.es\/blog\/wp-json\/wp\/v2\/types\/post"}],"author":[{"embeddable":true,"href":"https:\/\/blog2.talentoteca.es\/blog\/wp-json\/wp\/v2\/users\/27"}],"replies":[{"embeddable":true,"href":"https:\/\/blog2.talentoteca.es\/blog\/wp-json\/wp\/v2\/comments?post=2143"}],"version-history":[{"count":6,"href":"https:\/\/blog2.talentoteca.es\/blog\/wp-json\/wp\/v2\/posts\/2143\/revisions"}],"predecessor-version":[{"id":2160,"href":"https:\/\/blog2.talentoteca.es\/blog\/wp-json\/wp\/v2\/posts\/2143\/revisions\/2160"}],"wp:featuredmedia":[{"embeddable":true,"href":"https:\/\/blog2.talentoteca.es\/blog\/wp-json\/wp\/v2\/media\/2153"}],"wp:attachment":[{"href":"https:\/\/blog2.talentoteca.es\/blog\/wp-json\/wp\/v2\/media?parent=2143"}],"wp:term":[{"taxonomy":"category","embeddable":true,"href":"https:\/\/blog2.talentoteca.es\/blog\/wp-json\/wp\/v2\/categories?post=2143"},{"taxonomy":"post_tag","embeddable":true,"href":"https:\/\/blog2.talentoteca.es\/blog\/wp-json\/wp\/v2\/tags?post=2143"}],"curies":[{"name":"wp","href":"https:\/\/api.w.org\/{rel}","templated":true}]}}