{"id":2246,"date":"2021-04-19T08:00:59","date_gmt":"2021-04-19T06:00:59","guid":{"rendered":"https:\/\/blog.talentoteca.es\/?p=2246"},"modified":"2021-12-15T17:22:43","modified_gmt":"2021-12-15T15:22:43","slug":"derechos-dereberes-estudiantes-en-practicas","status":"publish","type":"post","link":"https:\/\/blog2.talentoteca.es\/blog\/derechos-dereberes-estudiantes-en-practicas\/","title":{"rendered":"Derechos y deberes de los estudiantes en pr\u00e1cticas"},"content":{"rendered":"\n<p>En art\u00edculos anteriores te habl\u00e1bamos de <a href=\"https:\/\/blog.talentoteca.es\/denunciar-unas-malas-practicas-formativas\/\">c\u00f3mo identificar y denunciar unas malas pr\u00e1cticas formativas<\/a> y te adelantamos un poco c\u00f3mo ten\u00edan que ser tus pr\u00e1cticas. Es por eso que, en este post te queremos contar, m\u00e1s en detalle, cu\u00e1les son tus derechos y deberes como estudiante en pr\u00e1cticas.<\/p>\n\n\n\n<p>Antes de nada, d\u00e9jame decirte que es completamente normal que te surjan muchas dudas sobre esta nueva etapa que has empezado o vas a empezar. Si nunca te has enfrentado a una primera experiencia profesional, ser\u00e1n muchas las preguntas que tengas al respecto: <strong>\u201c\u00bfQu\u00e9 voy a hacer?, \u00bfQu\u00e9 esperan de m\u00ed?, \u00bfTengo que firmar un contrato?&#8221;<\/strong>&#8230; e infinitas cuestiones m\u00e1s. As\u00ed que, venga, sigue leyendo que hoy vamos a tratar de ayudarte y calmar un poco esa incertidumbre.<\/p>\n\n\n\n<h2 class=\"wp-block-heading\" style=\"text-align:center\">Un contrato de pr\u00e1cticas, \u00bfes lo mismo que un\nconvenio?<\/h2>\n\n\n\n<p>Seguro que\nuna de las preguntas que se te han pasado por la cabeza es: \u201cPero\u2026 \u00bfY yo tengo\nun contrato?, \u00bfO es un convenio lo que tengo que firmar?\u201d<\/p>\n\n\n\n<p>Bien, pues para aclarar esto, tienes que saber que, aunque estos dos t\u00e9rminos pueden parecer similares, lo cierto es que <strong>no tienen nada que ver<\/strong>. \u00bfCu\u00e1l es su diferencia?<\/p>\n\n\n\n<p>El contrato\nde pr\u00e1cticas es un contrato laboral para graduados. Por lo tanto, existe una\nrelaci\u00f3n laboral con la empresa. Mientras que, en un convenio de pr\u00e1cticas, no\nexiste esa relaci\u00f3n contractual y el v\u00ednculo que une al estudiante con la\nempresa es el acad\u00e9mico.<\/p>\n\n\n\n<p>Entonces, si no hay un contrato laboral, te estar\u00e1s preguntando: &#8220;<strong>\u00bfC\u00f3mo se regulan los derechos y deberes de un estudiante en pr\u00e1cticas?<\/strong>&#8220;<\/p>\n\n\n\n<div class=\"wp-block-image\"><figure class=\"aligncenter\"><img loading=\"lazy\" decoding=\"async\" width=\"6000\" height=\"4000\" src=\"https:\/\/blog.talentoteca.es\/wp-content\/uploads\/2021\/03\/Derechos-y-deberes-estudiantes-en-pr\u00e1cticas_2.jpg\" alt=\"estudiantes en pr\u00e1cticas\" class=\"wp-image-2248\"\/><\/figure><\/div>\n\n\n\n<h2 class=\"wp-block-heading\" style=\"text-align:center\">Regulaci\u00f3n de los derechos y deberes de los estudiantes en pr\u00e1cticas<\/h2>\n\n\n\n<p>No queremos marearte mucho y hacer muy complicado el asunto, as\u00ed que, simplemente, vamos a contarte que, <strong>cuando un estudiante realiza unas pr\u00e1cticas acad\u00e9micas externas, entra a formar parte de un convenio de cooperaci\u00f3n educativa<\/strong>, donde se recogen estos derechos y obligaciones, as\u00ed como los de la empresa y su centro educativo con respecto a la formaci\u00f3n a realizar. <\/p>\n\n\n\n<p>Aunque nosotros no entremos\nm\u00e1s en detalle para no complicar las cosas, si tienes curiosidad por conocer\nm\u00e1s sobre esto, o eres un aut\u00e9ntico fan del derecho, entonces te contamos que\nlos programas de pr\u00e1cticas acad\u00e9micas externas est\u00e1n regulados por el <a href=\"https:\/\/www.boe.es\/buscar\/doc.php?id=BOE-A-2011-16819\">Real\nDecreto 1493\/2011 de 24 de octubre<\/a>.<\/p>\n\n\n\n<p>Ahora que ya sabes un poco m\u00e1s sobre c\u00f3mo se regulan las pr\u00e1cticas, vamos a contarte<strong> algunos de los derechos y deberes que tienes como estudiante en pr\u00e1cticas<\/strong>.<\/p>\n\n\n\n<h2 class=\"wp-block-heading\" style=\"text-align:center\">Derechos de un estudiante en pr\u00e1cticas<\/h2>\n\n\n\n<ul class=\"wp-block-list\"><li><strong>Tutorizaci\u00f3n. <\/strong>Durante el per\u00edodo de pr\u00e1cticas, tienes que contar con un profesor de tu centro de estudios y por un tutor empresarial que te gu\u00ede y apoye a lo largo de toda la estancia. Ser\u00e1 la persona que tutorice tus pr\u00e1cticas y eval\u00fae tu formaci\u00f3n.<\/li><li><strong>Cumplir con tu actividad acad\u00e9mica<\/strong>, formativa y de representaci\u00f3n y participaci\u00f3n, siempre que lo comuniques con antelaci\u00f3n a tu tutor empresarial.<\/li><li><strong>Seguimiento e informes. Tienes el derecho a recibir <\/strong>un informe con tu rendimiento y las actividades realizadas a lo largo de tu estancia en pr\u00e1cticas. <\/li><li><strong>Alta en la seguridad social<\/strong>. Es fundamental que si est\u00e1s recibiendo una ayuda econ\u00f3mica (\u00a1no es un salario, eh!) est\u00e9s dado de alta en la seguridad social. <\/li><li><strong>Recibir informaci\u00f3n sobre la normativa de seguridad <\/strong>y prevenci\u00f3n de riesgos laborales de la empresa donde realizas las pr\u00e1cticas.<\/li><li><strong>Baja m\u00e9dica.<\/strong> Aunque no seas un trabajador, tienes que saber que, al estar dado de alta, en el caso de enfermedad, tendr\u00e1s los mismos derechos y obligaciones que los trabajadores.<\/li><\/ul>\n\n\n\n<div class=\"wp-block-image\"><figure class=\"aligncenter\"><img loading=\"lazy\" decoding=\"async\" width=\"1024\" height=\"682\" src=\"https:\/\/blog.talentoteca.es\/wp-content\/uploads\/2021\/12\/estudiantes-en-pr\u00e1cticas-1024x682.png\" alt=\"estudiantes en practicas\" class=\"wp-image-2710\" srcset=\"https:\/\/blog2.talentoteca.es\/blog\/wp-content\/uploads\/2021\/12\/estudiantes-en-pr\u00e1cticas-1024x682.png 1024w, https:\/\/blog2.talentoteca.es\/blog\/wp-content\/uploads\/2021\/12\/estudiantes-en-pr\u00e1cticas-280x187.png 280w, https:\/\/blog2.talentoteca.es\/blog\/wp-content\/uploads\/2021\/12\/estudiantes-en-pr\u00e1cticas-300x200.png 300w, https:\/\/blog2.talentoteca.es\/blog\/wp-content\/uploads\/2021\/12\/estudiantes-en-pr\u00e1cticas-768x512.png 768w, https:\/\/blog2.talentoteca.es\/blog\/wp-content\/uploads\/2021\/12\/estudiantes-en-pr\u00e1cticas-1080x720.png 1080w, https:\/\/blog2.talentoteca.es\/blog\/wp-content\/uploads\/2021\/12\/estudiantes-en-pr\u00e1cticas.png 1280w\" sizes=\"auto, (max-width: 1024px) 100vw, 1024px\" \/><\/figure><\/div>\n\n\n\n<h2 class=\"wp-block-heading\" style=\"text-align:center\">Deberes u obligaciones de un estudiante en pr\u00e1cticas:<\/h2>\n\n\n\n<ul class=\"wp-block-list\"><li><strong>Cumplir la normativa<\/strong>\nvigente de las pr\u00e1cticas externas establecida por el centro de estudios y la de\nla empresa donde realizas la formaci\u00f3n.<\/li><li><strong>Conocer y cumplir el<\/strong> <strong>proyecto\nformativo <\/strong>de pr\u00e1cticas siguiendo las indicaciones de tu tutor empresarial.<\/li><li><strong>Mantener contacto con el tutor\nacad\u00e9mico<\/strong> de la universidad durante el desarrollo de la pr\u00e1ctica y\ncomunicarle cualquier incidencia.<\/li><li>Elaborar y entregar a tu tutor acad\u00e9mico la <strong>memoria\nfinal<\/strong> del trabajo desarrollado y los <strong>cuestionarios de valoraci\u00f3n<\/strong> de\nlas pr\u00e1cticas en los plazos fijados.<\/li><li><strong>Guardar confidencialidad <\/strong>con\nla informaci\u00f3n interna de la empresa donde realices tus pr\u00e1cticas mientras\nduren y una vez que finalicen. <\/li><li>Mostrar, en todo momento, <strong>una actitud respetuosa<\/strong>\nhacia la pol\u00edtica de la empresa. <\/li><\/ul>\n\n\n\n<p>\u00a1Ah! Y recuerda que, en la <strong>Fundaci\u00f3n Universidad-Empresa<\/strong> creemos en las buenas pr\u00e1cticas. A trav\u00e9s de nuestro portal de pr\u00e1cticas y primer empleo, <a href=\"http:\/\/www.talentoteca.es\"><strong>Talentoteca<\/strong><\/a>, <strong>damos la oportunidad a estudiantes y reci\u00e9n graduados de formarse en un entorno real y profesional<\/strong>. As\u00ed que, si est\u00e1s buscando tu siguiente formaci\u00f3n, \u00a1\u00e9chale un vistazo a nuestra web!<\/p>\n\n\n\n<h2 class=\"wp-block-heading\" style=\"text-align:center\">\u00bfC\u00f3mo encontrar tus <a href=\"https:\/\/www.talentoteca.es\" target=\"_blank\" rel=\"noreferrer noopener\" aria-label=\"pr\u00e1cticas remuneradas (opens in a new tab)\">pr\u00e1cticas remuneradas<\/a>?<\/h2>\n\n\n\n<ol class=\"wp-block-list\"><li>Entra en nuestra portal de pr\u00e1cticas y primer empleo, <a rel=\"noreferrer noopener\" aria-label=\"Talentoteca (opens in a new tab)\" href=\"http:\/\/www.talentoteca.es\" target=\"_blank\"><strong>Talentoteca<\/strong><\/a>.<\/li><li><strong><a rel=\"noreferrer noopener\" aria-label=\"Reg\u00edstrate (opens in a new tab)\" href=\"https:\/\/www.talentoteca.es\/signup\" target=\"_blank\">Reg\u00edstrate<\/a> <\/strong>y crea tu perfil para encontrar las ofertas que mejor se adapten a tu formaci\u00f3n.<\/li><li>Accede a miles de <strong><a rel=\"noreferrer noopener\" aria-label=\"pr\u00e1cticas remuneradas (opens in a new tab)\" href=\"https:\/\/www.talentoteca.es\/finder\/\" target=\"_blank\">pr\u00e1cticas remuneradas<\/a><\/strong> en empresas l\u00edderes en su sector. \u00bfTe unes?<\/li><\/ol>\n\n\n\n<p><\/p>\n\n\n\n<p style=\"text-align:center\"><strong><a class=\"maxbutton-1 maxbutton maxbutton-talentoteca\" target=\"_blank\" rel=\"noopener\" href=\"https:\/\/www.talentoteca.es\/finder\/\"><span class='mb-text'>\u00a1QUIERO ESAS PR\u00c1CTICAS!<\/span><\/a><\/strong><\/p>\n","protected":false},"excerpt":{"rendered":"<p>\u00bfVas a comenzar unas pr\u00e1cticas formativas? Descubre en este post los derechos y deberes de los estudiantes en pr\u00e1cticas. \u00a1Sigue leyendo!<\/p>\n","protected":false},"author":11,"featured_media":2247,"comment_status":"open","ping_status":"open","sticky":false,"template":"","format":"standard","meta":{"om_disable_all_campaigns":false,"_exactmetrics_skip_tracking":false,"_exactmetrics_sitenote_active":false,"_exactmetrics_sitenote_note":"","_exactmetrics_sitenote_category":0,"_uf_show_specific_survey":0,"_uf_disable_surveys":false,"footnotes":""},"categories":[104],"tags":[167,166,168,162,131,169],"class_list":["post-2246","post","type-post","status-publish","format-standard","has-post-thumbnail","hentry","category-actualidad-profesional","tag-deberes","tag-derechos","tag-estudiantes","tag-practicas-formativas","tag-talento-joven","tag-talentoteca"],"aioseo_notices":[],"wps_subtitle":"","_links":{"self":[{"href":"https:\/\/blog2.talentoteca.es\/blog\/wp-json\/wp\/v2\/posts\/2246","targetHints":{"allow":["GET"]}}],"collection":[{"href":"https:\/\/blog2.talentoteca.es\/blog\/wp-json\/wp\/v2\/posts"}],"about":[{"href":"https:\/\/blog2.talentoteca.es\/blog\/wp-json\/wp\/v2\/types\/post"}],"author":[{"embeddable":true,"href":"https:\/\/blog2.talentoteca.es\/blog\/wp-json\/wp\/v2\/users\/11"}],"replies":[{"embeddable":true,"href":"https:\/\/blog2.talentoteca.es\/blog\/wp-json\/wp\/v2\/comments?post=2246"}],"version-history":[{"count":2,"href":"https:\/\/blog2.talentoteca.es\/blog\/wp-json\/wp\/v2\/posts\/2246\/revisions"}],"predecessor-version":[{"id":2711,"href":"https:\/\/blog2.talentoteca.es\/blog\/wp-json\/wp\/v2\/posts\/2246\/revisions\/2711"}],"wp:featuredmedia":[{"embeddable":true,"href":"https:\/\/blog2.talentoteca.es\/blog\/wp-json\/wp\/v2\/media\/2247"}],"wp:attachment":[{"href":"https:\/\/blog2.talentoteca.es\/blog\/wp-json\/wp\/v2\/media?parent=2246"}],"wp:term":[{"taxonomy":"category","embeddable":true,"href":"https:\/\/blog2.talentoteca.es\/blog\/wp-json\/wp\/v2\/categories?post=2246"},{"taxonomy":"post_tag","embeddable":true,"href":"https:\/\/blog2.talentoteca.es\/blog\/wp-json\/wp\/v2\/tags?post=2246"}],"curies":[{"name":"wp","href":"https:\/\/api.w.org\/{rel}","templated":true}]}}