{"id":2349,"date":"2021-06-28T08:00:46","date_gmt":"2021-06-28T06:00:46","guid":{"rendered":"https:\/\/blog.talentoteca.es\/?p=2349"},"modified":"2023-09-18T12:57:48","modified_gmt":"2023-09-18T10:57:48","slug":"curriculum-vitae-con-o-sin-foto","status":"publish","type":"post","link":"https:\/\/blog2.talentoteca.es\/blog\/curriculum-vitae-con-o-sin-foto\/","title":{"rendered":"\u00bfCurr\u00edculum con foto o sin foto?"},"content":{"rendered":"\n<p>El curr\u00edcum vitae, a\u00fan hoy en d\u00eda en \u00e9poca de LinkedIn y otras plataformas, sigue siendo el documento por excelencia a la hora de buscar trabajo y pr\u00e1cticas formativas. Adem\u00e1s, tambi\u00e9n es importante si est\u00e1s buscando pr\u00e1cticas formativas o primer empleo como las que tenemos en <a href=\"http:\/\/www.talentoteca.es\">Talentoteca<\/a>. Por eso, en este post te voy a contar m\u00e1s en detalle si debes incluir foto en tu cv.<\/p>\n\n\n\n<p>Antes de nada, si tienes dudas\nsobre c\u00f3mo hacer un buen CV, te animo a que eches un vistazo al post de nuestro\nblog en donde te damos unos consejos para <a href=\"https:\/\/blog.talentoteca.es\/consejos-primer-cv\/\">crear un curr\u00edculum de\ntrabajo<\/a> profesional.<\/p>\n\n\n\n<h2 class=\"wp-block-heading\"><strong>\u00bfEs\nobligatorio poner foto en el CV?<\/strong><\/h2>\n\n\n\n<p>Seguro que, si te encuentras\nhaciendo tu curr\u00edculum vitae, esta sea una de las preguntas que se te hayan\npasado por la cabeza: \u00bfTengo que poner una foto? \u00bfC\u00f3mo tiene que ser esta foto?<\/p>\n\n\n\n<p>Bien, la realidad es no se trata de un elemento fundamental dentro de un CV. Por lo tanto, t\u00fa debes de elegir si quieres poner una foto seg\u00fan tu perfil, el trabajo al que apliques y <a href=\"https:\/\/blog.talentoteca.es\/modelos-cv-segun-objetivos-profesionales\/\">tus objetivos profesionales.<\/a><\/p>\n\n\n\n<h3 class=\"wp-block-heading\"><strong>Principales apartados de un buen\ncurr\u00edculum<\/strong><\/h3>\n\n\n\n<p>Te refresco algunos de los\nprincipales apartados que deber\u00eda de incluir s\u00ed o s\u00ed tu curr\u00edculum vitae:<\/p>\n\n\n\n<ol class=\"wp-block-list\"><li><strong>Datos de contacto<\/strong> donde tiene que aparecer tu nombre y apellidos, correo electr\u00f3nico, m\u00f3vil y, opcional pero cada vez m\u00e1s importante, enlace a tu perfil de LinkedIn.<\/li><li><strong>Formaci\u00f3n acad\u00e9mica<\/strong>. En este apartado e importante que especifiques tus estudios, el lugar donde has estudiado y las fechas de inicio y fin.<\/li><li><strong>Formaci\u00f3n complementaria.<\/strong> Al igual que el apartado anterior, aqu\u00ed puedes incluir aquellos cursos o formaciones extra que hayas realizado por tu cuenta. \u00a1No te olvides tambi\u00e9n de especificar las fechas!<\/li><li><strong>Experiencia.<\/strong> Aqu\u00ed puedes incluir toda tu experiencia laboral en el \u00e1mbito al que est\u00e1s aplicando. En caso de no tener experiencia relacionada, puedes incluir otros trabajos que hayas realizado para demostrar que has adquirido diferentes competencias profesionales.<\/li><li><strong>Idiomas y herramientas.<\/strong> Adem\u00e1s de tu formaci\u00f3n, tambi\u00e9n es muy importante que especifiques tu conocimiento en idiomas y otras herramientas que se usen en el trabajo en el que est\u00e1s aplicando. <\/li><\/ol>\n\n\n\n<h2 class=\"wp-block-heading\"><strong>Razones para incluir una foto en tu\ncv<\/strong><\/h2>\n\n\n\n<p>No obstante, aunque no sea estrictamente obligatorio, s\u00ed que puedes valorar algunas razones para poner tu foto en tu curr\u00edculum.<\/p>\n\n\n\n<ul class=\"wp-block-list\"><li><strong>Mayor facilidad para que te recuerden las empresas<\/strong>. En un proceso de selecci\u00f3n, los reclutadores ven much\u00edsimos curr\u00edculums, hablan con muchas personas por tel\u00e9fono y reciben cantidad de correos electr\u00f3nicos. Es por eso que una buena forma de que te recuerden es poni\u00e9ndote cara.<\/li><li><strong>Tener un curr\u00edculum m\u00e1s visual. <\/strong>Se trata de una buena forma de cuidar el dise\u00f1o del curr\u00edculum.<\/li><li><strong>La empresa pide un curr\u00edculum con foto.<\/strong> En otras ocasiones, otra raz\u00f3n para poner una fotograf\u00eda en tu cv es porque as\u00ed lo quiere la empresa a la que vas a aplicar. Para eso tienes que saber bien qu\u00e9 busca la empresa y leer la informaci\u00f3n de la oferta de trabajo. <\/li><li><strong>Es una costumbre en el pa\u00eds.<\/strong> En l\u00ednea con el punto anterior, tienes que tambi\u00e9n conocer qu\u00e9 es lo que se hace habitualmente en el pa\u00eds en el que est\u00e1s aplicando para trabajar. Por ejemplo, en Espa\u00f1a s\u00ed es tendencia incluir foto, pero en otros pa\u00edses como Gran Breta\u00f1a no tanto.<\/li><\/ul>\n\n\n\n<p>Si eliges poner foto, tienes que saber bien c\u00f3mo tiene que ser esta para que no cause el efecto contrario al que queremos.<\/p>\n\n\n\n<div class=\"wp-block-image\"><figure class=\"aligncenter size-full is-resized\"><img loading=\"lazy\" decoding=\"async\" src=\"https:\/\/www.talentoteca.es\/blog\/wp-content\/uploads\/2021\/05\/curriculum-vitae-con-o-sin-foto_2.jpg\" alt=\"cv_con_foto\" class=\"wp-image-2353\" width=\"780\" height=\"522\"\/><\/figure><\/div>\n\n\n\n<h2 class=\"wp-block-heading\"><strong>\u00bfQu\u00e9 foto poner en un curr\u00edculum?<\/strong><\/h2>\n\n\n\n<p>En este apartado te voy a dar\nalgunos consejos para escoger la foto m\u00e1s id\u00f3nea para tu cv y que esta tenga un\naspecto profesional.<\/p>\n\n\n\n<ul class=\"wp-block-list\"><li>Escoge una <strong>foto\nhecha por un profesional.<\/strong> Aunque a ti te parezca que sales guap\u00edsim@ en tu\nfoto de WhatsApp o en la \u00faltima imagen que has subido a Instagram, \u00a1no pongas\nesta foto! Te recomiendo sin duda que sea una fotograf\u00eda que la haya hecho un\nprofesional, preferiblemente tama\u00f1o carnet.<\/li><li><strong>Fondo\nliso o tono claro.<\/strong> Si te hace la foto un profesional, esto lo cumplir\u00e1n\nseguramente 100%, pero si decides hac\u00e9rtela t\u00fa mismo en casa tienes que escoger\nun fondo que sea liso y con tonos blancos o claros a ser posible. Esto aportar\u00e1\nluminosidad a la fotograf\u00eda.<\/li><li><strong>Evita\nropa a rayas o tonos demasiado llamativos.<\/strong> Apuesta por una camisa o\ncamiseta que contraste con el tono de la pared. Evita tambi\u00e9n las rayas, los\nestampados muy cargados o los tonos chillones.<\/li><li><strong>\u00a1Puedes\nsonre\u00edr!<\/strong> Al contrario de lo que piensan muchas personas, s\u00ed est\u00e1 permitido\nsonre\u00edr. Lo que no te recomiendo es que escojas una fotograf\u00eda en la que est\u00e9s\nmostrando una carcajada o salgas con los ojos cerrados. Si decides sonre\u00edr hazlo\nde manera natural y mostrando una sonrisa sincera y cercana.<\/li><li><strong>Usa una\nfoto actual.<\/strong> Aunque salgas ideal en una foto de hacer 5 a\u00f1os y a ti te\nparezca que no han pasado ni los a\u00f1os, te aconsejo que evites este tipo de\nfotograf\u00edas. Es mejor que optes por utilizar en tu cv una imagen que sea\nreciente.<\/li><li><strong>\u00a1No\npongas fotos de fiesta, ni en la playa, ni recortadas\u2026<\/strong>! Algunas de las\nfotos que no deber\u00edas escoger para poner en tu curr\u00edculum son aquellas que\nsalgas con amigos, de fiesta, en ba\u00f1ador, con filtros de Instagram, con los\nojos cerrados, borrosas o con gafas de sol. Trata de evitar tambi\u00e9n fotos\nrecortadas o de cuerpo entero.<\/li><\/ul>\n\n\n\n<p>En definitiva, curr\u00edculum vitae, \u00bfcon o sin foto? La respuesta la decides t\u00fa. Espero que este post te haya ayudado a resolver algunas dudas con respecto a este documento tan solicitado a la hora de buscar empleo. <\/p>\n\n\n\n<h2 class=\"wp-block-heading\">Herramientas para crear una foto para tu CV <\/h2>\n\n\n\n<p>Crear una foto para tu CV puede ser una tarea sencilla, y existen varias herramientas que puedes utilizar para hacerlo. Aqu\u00ed hay algunas opciones:<\/p>\n\n\n\n<ol class=\"wp-block-list\"><li><strong>C\u00e1mara y Smartphone:<\/strong> Puedes tomar una foto de calidad profesional con una c\u00e1mara o incluso con la c\u00e1mara de tu smartphone. Aseg\u00farese de utilizar una buena iluminaci\u00f3n, un fondo neutro y vestirse de manera adecuada para la posici\u00f3n que est\u00e1 aplicando. Pide a alguien que te ayude a tomar la foto si es posible.<\/li><li><strong>Aplicaciones de Edici\u00f3n de Fotos:<\/strong> Utiliza aplicaciones de edici\u00f3n de fotos para mejorar la calidad de tu imagen. Algunas aplicaciones incluyen Adobe Lightroom, Snapseed, VSCO y Canva. Puedes ajustar la iluminaci\u00f3n, el contraste, el equilibrio de blancos y recortar la imagen seg\u00fan sea necesario.<\/li><li><strong>Herramientas en L\u00ednea:<\/strong> Existen varias herramientas en l\u00ednea que te permiten tomar una foto de CV directamente desde tu navegador, con funciones de edici\u00f3n incorporadas. Por ejemplo, puedes probar herramientas como PhotoPea, Fotor o BeFunky.<\/li><li><strong>Aplicaciones de c\u00e1mara:<\/strong> Algunas aplicaciones de c\u00e1mara en tel\u00e9fonos inteligentes tienen funciones de embellecimiento y ajustes para que puedas tomar una foto de CV de aspecto profesional directamente desde tu dispositivo. Los ejemplos incluyen la aplicaci\u00f3n de c\u00e1mara de Samsung, Google Camera y muchas otras.<\/li><li><strong>Servicios Profesionales de Fotograf\u00eda:<\/strong> Si buscas la m\u00e1xima calidad y profesionalismo, considera la opci\u00f3n de visitar un estudio de fotograf\u00eda o contratar un fot\u00f3grafo profesional para que tome tu foto de CV. Esto puede ser especialmente \u00fatil si est\u00e1s buscando un trabajo en una industria donde la imagen personal es importante.<\/li><\/ol>\n\n\n\n<p>Recuerda seguir algunas pautas al tomar la foto para tu CV:<\/p>\n\n\n\n<ul class=\"wp-block-list\"><li>Viste de manera profesional y acorde al tipo de trabajo que buscas.<\/li><li>Utilice una iluminaci\u00f3n adecuada para evitar sombras y resaltar sus rasgos faciales.<\/li><li>Elige un fondo neutro y sin distracciones.<\/li><li>Muestra una expresi\u00f3n facial amigable y profesional.<\/li><li>Aseg\u00farese de que la foto tenga una resoluci\u00f3n suficiente y sea de alta calidad.<\/li><\/ul>\n\n\n\n<p>Despu\u00e9s de tomar la foto, gu\u00e1rdala en un formato est\u00e1ndar como JPEG o PNG y aseg\u00farate de que tenga el tama\u00f1o y la resoluci\u00f3n adecuados para ser incluidos en tu CV. Una foto de CV debe ser clara y profesional, ayud\u00e1ndote a causar una buena impresi\u00f3n en los participantes.<\/p>\n\n\n\n<p>Ah, y recuerda echar un vistazo a <a href=\"http:\/\/www.talentoteca.es\">www.talentoteca.es<\/a> si est\u00e1s buscando unas pr\u00e1cticas formativas o primer empleo.<\/p>\n\n\n\n<h2 class=\"wp-block-heading\">\u00bfC\u00f3mo encontrar tus&nbsp;<a rel=\"noreferrer noopener\" href=\"https:\/\/www.talentoteca.es\/\" target=\"_blank\">pr\u00e1cticas remuneradas<\/a>&nbsp;y primer empleo?<\/h2>\n\n\n\n<ol class=\"wp-block-list\"><li>Entra en nuestra portal de pr\u00e1cticas y primer empleo,&nbsp;<a href=\"http:\/\/www.talentoteca.es\/\" target=\"_blank\" rel=\"noreferrer noopener\"><strong>Talentoteca<\/strong><\/a>.<\/li><li><strong><a href=\"https:\/\/www.talentoteca.es\/signup\" target=\"_blank\" rel=\"noreferrer noopener\">Reg\u00edstrate<\/a>&nbsp;<\/strong>y crea tu perfil para encontrar las ofertas que mejor se adapten a tu formaci\u00f3n.<\/li><li>Accede a miles de&nbsp;<strong><a href=\"https:\/\/www.talentoteca.es\/finder\/\" target=\"_blank\" rel=\"noreferrer noopener\">pr\u00e1cticas remuneradas<\/a><\/strong>&nbsp;en empresas l\u00edderes en su sector. \u00bfTe unes?<\/li><\/ol>\n\n\n\n<div class=\"wp-block-buttons is-layout-flex wp-block-buttons-is-layout-flex\">\n<div class=\"wp-block-button aligncenter\"><a class=\"wp-block-button__link\" href=\"https:\/\/www.talentoteca.es\/\"><strong>\u00a1QUIERO ESAS PR\u00c1CTICAS!<\/strong><\/a><\/div>\n<\/div>\n","protected":false},"excerpt":{"rendered":"<p>\u00bfTienes dudas sobre si hacer un curr\u00edculum vitae con o sin foto? En este post te contamos qu\u00e9 es necesario que tenga tu cv. \u00a1Sigue leyendo!<\/p>\n","protected":false},"author":33,"featured_media":2352,"comment_status":"open","ping_status":"open","sticky":false,"template":"","format":"standard","meta":{"om_disable_all_campaigns":false,"_exactmetrics_skip_tracking":false,"_exactmetrics_sitenote_active":false,"_exactmetrics_sitenote_note":"","_exactmetrics_sitenote_category":0,"_uf_show_specific_survey":0,"_uf_disable_surveys":false,"footnotes":""},"categories":[220],"tags":[],"class_list":["post-2349","post","type-post","status-publish","format-standard","has-post-thumbnail","hentry","category-buscar-practicas"],"aioseo_notices":[],"wps_subtitle":"","_links":{"self":[{"href":"https:\/\/blog2.talentoteca.es\/blog\/wp-json\/wp\/v2\/posts\/2349","targetHints":{"allow":["GET"]}}],"collection":[{"href":"https:\/\/blog2.talentoteca.es\/blog\/wp-json\/wp\/v2\/posts"}],"about":[{"href":"https:\/\/blog2.talentoteca.es\/blog\/wp-json\/wp\/v2\/types\/post"}],"author":[{"embeddable":true,"href":"https:\/\/blog2.talentoteca.es\/blog\/wp-json\/wp\/v2\/users\/33"}],"replies":[{"embeddable":true,"href":"https:\/\/blog2.talentoteca.es\/blog\/wp-json\/wp\/v2\/comments?post=2349"}],"version-history":[{"count":9,"href":"https:\/\/blog2.talentoteca.es\/blog\/wp-json\/wp\/v2\/posts\/2349\/revisions"}],"predecessor-version":[{"id":3720,"href":"https:\/\/blog2.talentoteca.es\/blog\/wp-json\/wp\/v2\/posts\/2349\/revisions\/3720"}],"wp:featuredmedia":[{"embeddable":true,"href":"https:\/\/blog2.talentoteca.es\/blog\/wp-json\/wp\/v2\/media\/2352"}],"wp:attachment":[{"href":"https:\/\/blog2.talentoteca.es\/blog\/wp-json\/wp\/v2\/media?parent=2349"}],"wp:term":[{"taxonomy":"category","embeddable":true,"href":"https:\/\/blog2.talentoteca.es\/blog\/wp-json\/wp\/v2\/categories?post=2349"},{"taxonomy":"post_tag","embeddable":true,"href":"https:\/\/blog2.talentoteca.es\/blog\/wp-json\/wp\/v2\/tags?post=2349"}],"curies":[{"name":"wp","href":"https:\/\/api.w.org\/{rel}","templated":true}]}}