{"id":3493,"date":"2023-05-25T14:16:07","date_gmt":"2023-05-25T12:16:07","guid":{"rendered":"https:\/\/www.talentoteca.es\/blog\/?p=3493"},"modified":"2023-06-05T11:06:19","modified_gmt":"2023-06-05T09:06:19","slug":"plantillas-de-cv-para-perfiles-de-informatica","status":"publish","type":"post","link":"https:\/\/blog2.talentoteca.es\/blog\/plantillas-de-cv-para-perfiles-de-informatica\/","title":{"rendered":"Plantillas de CV para perfiles de Inform\u00e1tica"},"content":{"rendered":"\n<p>Ya sea porque te encuentras en plena b\u00fasqueda de tu primer empleo, como de unas <a href=\"https:\/\/www.talentoteca.es\/\" target=\"_blank\" rel=\"noreferrer noopener\">pr\u00e1cticas laborales, <\/a>la forma en la que te presentes es esencial para lograr tus objetivos, de ah\u00ed que necesites elaborar un buen <strong>CV para perfiles de inform\u00e1tica <\/strong>con el que destacar y mostrar tus conocimientos para convertirte en el candidato id\u00f3neo.<\/p>\n\n\n\n<h2 class=\"wp-block-heading\">Tipos de curr\u00edculum vitae seg\u00fan tus objetivos<\/h2>\n\n\n\n<p>Dependiendo de qu\u00e9 prop\u00f3sito tengas podr\u00e1s optar entre varios modelos de <a href=\"https:\/\/www.talentoteca.es\/blog\/como-hacer-un-videocurriculum\/\" target=\"_blank\" rel=\"noreferrer noopener\">CV.<\/a> Los m\u00e1s habituales son:<\/p>\n\n\n\n<h3 class=\"wp-block-heading\"><a href=\"https:\/\/www.talentoteca.es\/blog\/modelos-cv-segun-objetivos-profesionales\/\" target=\"_blank\" rel=\"noreferrer noopener\">Curr\u00edculum vitae<\/a>: en formato cronol\u00f3gico<\/h3>\n\n\n\n<p>En \u00e9l a\u00f1adimos tanto la formaci\u00f3n acad\u00e9mica como la experiencia profesional ordenados cronol\u00f3gicamente comenzando por lo m\u00e1s antiguo y terminando por lo m\u00e1s reciente, pudi\u00e9ndose apreciar nuestra evoluci\u00f3n.<\/p>\n\n\n\n<p>Como aspecto negativo, tambi\u00e9n quedan reflejados los per\u00edodos en los que no hemos trabajado.<\/p>\n\n\n\n<h3 class=\"wp-block-heading\"><a href=\"https:\/\/www.talentoteca.es\/blog\/como-hacer-curriculum-sin-errores\/\" target=\"_blank\" rel=\"noreferrer noopener\">Curr\u00edculum vitae<\/a>: en formato cronol\u00f3gico inverso<\/h3>\n\n\n\n<p>Igual que el cronol\u00f3gico, pero situamos en cabeza las fechas m\u00e1s recientes y nuestras \u00faltimas experiencias. Es el modelo ideal si tenemos suficiente bagaje laboral y deseamos encontrar un puesto de trabajo en el mismo sector en el que nos hemos desenvuelto hasta el momento.<\/p>\n\n\n\n<h3 class=\"wp-block-heading\"><a href=\"https:\/\/www.talentoteca.es\/blog\/como-hacer-curriculum-sin-errores\/\" target=\"_blank\" rel=\"noreferrer noopener\">Curr\u00edculum vitae<\/a>: en formato funcional<\/h3>\n\n\n\n<p>Se basa m\u00e1s en las habilidades que posee el candidato que en su trayectoria profesional, agrupando la informaci\u00f3n por bloques o funciones que se han desempe\u00f1ado, enfoc\u00e1ndose m\u00e1s en las aptitudes, por lo que puede ser una excelente opci\u00f3n si hemos tenido periodos de inactividad o si tus trabajos han sido siempre de car\u00e1cter temporal, pero siempre pertenecientes a un mismo sector o actividad.<\/p>\n\n\n\n<h3 class=\"wp-block-heading\">Curr\u00edculum vitae: en formato mixto<\/h3>\n\n\n\n<p>Una mezcla de ambos, cronol\u00f3gico y funcional, por lo que tambi\u00e9n es conocido como curr\u00edculum flexible. No tiene una estructura concreta, sino que la idea es adaptarlo a la oferta de la empresa o al puesto vacante al que deseas postularte. La clave es crear un CV que sea coherente y en el que la informaci\u00f3n m\u00e1s relevante aparezca al principio, utilizando palabras que guarden relaci\u00f3n con la propuesta laboral.<\/p>\n\n\n\n<figure class=\"wp-block-image size-full\"><img loading=\"lazy\" decoding=\"async\" width=\"1023\" height=\"617\" src=\"https:\/\/www.talentoteca.es\/blog\/wp-content\/uploads\/2023\/05\/11.png\" alt=\"\u00bfTe gustar\u00eda poder crear un CV para perfiles de inform\u00e1tica llamativo? Hoy te damos unos consejos y te ense\u00f1amos las mejores plantillas.\" class=\"wp-image-3498\" srcset=\"https:\/\/blog2.talentoteca.es\/blog\/wp-content\/uploads\/2023\/05\/11.png 1023w, https:\/\/blog2.talentoteca.es\/blog\/wp-content\/uploads\/2023\/05\/11-300x181.png 300w, https:\/\/blog2.talentoteca.es\/blog\/wp-content\/uploads\/2023\/05\/11-768x463.png 768w\" sizes=\"auto, (max-width: 1023px) 100vw, 1023px\" \/><\/figure>\n\n\n\n<h2 class=\"wp-block-heading\">Cosas importantes para CV para perfiles de Inform\u00e1tica<\/h2>\n\n\n\n<p>En los <strong>CV para perfiles de Inform\u00e1tica<\/strong> es esencial se\u00f1alar estos puntos:<\/p>\n\n\n\n<ul class=\"wp-block-list\"><li><strong>Conocimientos inform\u00e1ticos<\/strong>, es decir, nombrar las tecnolog\u00edas que dominamos, especialmente las m\u00e1s recientes, as\u00ed como las herramientas de gesti\u00f3n y desarrollo y de trabajo en equipo con las que estamos familiarizados.<\/li><\/ul>\n\n\n\n<ul class=\"wp-block-list\"><li><strong>Enlaces a blog personal,<\/strong> si lo tenemos, y a nuestro perfil profesional en LinkedIn, eso s\u00ed, siempre que est\u00e9 actualizado o a otras redes profesionales que nos sirvan como tarjeta de presentaci\u00f3n.<\/li><\/ul>\n\n\n\n<ul class=\"wp-block-list\"><li><strong>Proyectos propios<\/strong>, aunque no sean de gran envergadura, como alguna aplicaci\u00f3n m\u00f3vil o similar, que reflejen que somos personas creativas y con iniciativa.<\/li><\/ul>\n\n\n\n<ul class=\"wp-block-list\"><li><strong>Idiomas<\/strong>, una de las competencias comunicativas esenciales si deseamos orientar nuestra labor profesional a nivel internacional.<\/li><\/ul>\n\n\n\n<h2 class=\"wp-block-heading\">Ejemplos de plantillas para un CV para perfiles de Inform\u00e1tica<\/h2>\n\n\n\n<p>Existen p\u00e1ginas en las que podemos encontrar buenos modelos de referencia para crear nuestro <strong>CV para perfiles de Inform\u00e1tica<\/strong> como <a href=\"https:\/\/www.micvideal.es\/curriculum-vitae\/ejemplos\/informatica-hardware-software\/ingeniero-informatico?utm_source=google&amp;utm_medium=sem&amp;utm_campaign=1146482098&amp;utm_term=&amp;network=g&amp;device=c&amp;adposition=&amp;adgroupid=58439585692&amp;placement=&amp;gclid=EAIaIQobChMIpsSoyemP_wIVAobVCh12igzoEAAYAiAAEgLFS_D_BwE\" target=\"_blank\" rel=\"noreferrer noopener\">miCVideal<\/a>, <a href=\"https:\/\/www.modelos-de-curriculum.com\/curriculum-informatico\/\" target=\"_blank\" rel=\"noreferrer noopener\">ModelosdeCurriculum<\/a> u <a href=\"https:\/\/www.onlinecv.es\/ejemplos-curriculum\/informatico\/\" target=\"_blank\" rel=\"noreferrer noopener\">OnlineCV<\/a>, que tambi\u00e9n incluyen sugerencias, vocabulario esencial y otras ideas para inspirarte. \u00a0<\/p>\n\n\n\n<h2 class=\"wp-block-heading\">Herramientas para crear un CV para perfiles de Inform\u00e1tica<\/h2>\n\n\n\n<p>Podemos confeccionar nuestro CV en pocos pasos y de manera atractiva con opciones como:<\/p>\n\n\n\n<ul class=\"wp-block-list\"><li><a href=\"https:\/\/www.cvmaker.es\/\" target=\"_blank\" rel=\"noreferrer noopener\">CVMaker<\/a>, pudiendo elegir entre m\u00e1s de 20 plantillas con distintos estilos (creativo, moderno, profesional o sencillo) o por nivel de experiencia e importar el CV ya finalizado a LinkedIn o Facebook.<\/li><\/ul>\n\n\n\n<ul class=\"wp-block-list\"><li><a href=\"https:\/\/resumebuild.com\/es\/\" target=\"_blank\" rel=\"noreferrer noopener\">Resume BUILD<\/a>, plantillas listas para usar y con vista previa en tiempo real para tener listo nuestro CV en s\u00f3lo tres pasos.<\/li><\/ul>\n\n\n\n<ul class=\"wp-block-list\"><li><a href=\"https:\/\/www.livecareer.es\/lp\/es\/lesrsmlp07.aspx?utm_source=google&amp;utm_medium=&amp;utm_campaign=16652521886&amp;utm_term=&amp;network=x&amp;device=c&amp;adposition=&amp;adgroupid=&amp;utm_source=google&amp;utm_medium=pmax&amp;utm_campaign=16652521886&amp;utm_term=&amp;network=x&amp;device=c&amp;adposition=&amp;adgroupid=&amp;placement=&amp;gclid=EAIaIQobChMIhqWy0-6P_wIVRfDtCh3p4QUBEAAYAyAAEgJ8l_D_BwE\" target=\"_blank\" rel=\"noreferrer noopener\">LiveCareer<\/a>, con gu\u00eda paso a paso, textos predefinidos y descargas ilimitadas en diferentes formatos.<\/li><\/ul>\n\n\n\n<h2 class=\"wp-block-heading\">C\u00f3mo adaptar un CV para perfiles de Inform\u00e1tica dependiendo de la oferta<\/h2>\n\n\n\n<p>Antes de inscribirte como candidato a la oferta es esencial:<\/p>\n\n\n\n<ul class=\"wp-block-list\"><li><strong>Analizar al detalle la oferta de trabajo:<\/strong> a qu\u00e9 sector pertenece la empresa, requisitos del puesto vacante, etc\u00e9tera.<\/li><\/ul>\n\n\n\n<ul class=\"wp-block-list\"><li><strong>Selecciona las palabras clave relacionadas <\/strong>con ella y modificar nuestra experiencia laboral utilizando las palabras que los reclutadores desean ver.<\/li><\/ul>\n\n\n\n<ul class=\"wp-block-list\"><li><strong>Adaptar la experiencia<\/strong>, incluyendo s\u00f3lo aquella que sea relevante para la oferta disponible, omitiendo los empleos anteriores que no guarden relaci\u00f3n.<\/li><\/ul>\n\n\n\n<ul class=\"wp-block-list\"><li><strong>Reescribir las aptitudes y competencias<\/strong> que poseemos, sin utilizar las palabras exactas que aparecen en la oferta laboral.<\/li><\/ul>\n\n\n\n<ul class=\"wp-block-list\"><li><strong>Mantener intactos los datos de contacto<\/strong>, el apartado de idiomas y el de formaci\u00f3n acad\u00e9mica, si bien en algunas ocasiones puede resultar interesante situar en primera posici\u00f3n lo que resulte m\u00e1s destacado y nos pueda hacer ganar puntos.<\/li><\/ul>\n\n\n\n<p>Ya te hemos contado todo sobre las plantillas de CV para perfiles de inform\u00e1tica. Es tu momento de elegir la que m\u00e1s se adapte a tu perfil profesional.<\/p>\n\n\n\n<h2 class=\"has-text-align-center wp-block-heading\">\u00bfC\u00f3mo encontrar tus&nbsp;<a href=\"https:\/\/www.talentoteca.es\/\" target=\"_blank\" rel=\"noreferrer noopener\">pr\u00e1cticas remuneradas<\/a>?<\/h2>\n\n\n\n<ol class=\"wp-block-list\"><li>Entra en nuestro portal de pr\u00e1cticas y primer empleo,&nbsp;<a href=\"https:\/\/www.talentoteca.es\/\" target=\"_blank\" rel=\"noreferrer noopener\">Talentoteca<\/a><\/li><li><a href=\"https:\/\/www.talentoteca.es\/signup\">Reg\u00edstrate<\/a>&nbsp;y crea tu perfil para encontrar las ofertas que mejor se adapten a tu formaci\u00f3n<\/li><li>Accede a miles de<a href=\"https:\/\/www.talentoteca.es\/finder\/\">&nbsp;pr\u00e1cticas remuneradas<\/a>&nbsp;en empresas l\u00edderes en su sector. \u00bfTe unes?<\/li><\/ol>\n\n\n\n<div class=\"wp-block-buttons is-layout-flex wp-block-buttons-is-layout-flex\">\n<div class=\"wp-block-button aligncenter\"><a class=\"wp-block-button__link\" href=\"https:\/\/www.talentoteca.es\/finder\/\" target=\"_blank\" rel=\"noreferrer noopener\">\u00a1QUIERO ESAS PR\u00c1CTICAS!<\/a><\/div>\n<\/div>\n","protected":false},"excerpt":{"rendered":"<p>\u00bfTe gustar\u00eda poder crear un CV para perfiles de inform\u00e1tica llamativo? Hoy te damos unos consejos y te ense\u00f1amos las mejores plantillas.<\/p>\n","protected":false},"author":68,"featured_media":3496,"comment_status":"open","ping_status":"open","sticky":false,"template":"","format":"standard","meta":{"om_disable_all_campaigns":false,"_exactmetrics_skip_tracking":false,"_exactmetrics_sitenote_active":false,"_exactmetrics_sitenote_note":"","_exactmetrics_sitenote_category":0,"_uf_show_specific_survey":0,"_uf_disable_surveys":false,"footnotes":""},"categories":[220],"tags":[],"class_list":["post-3493","post","type-post","status-publish","format-standard","has-post-thumbnail","hentry","category-buscar-practicas"],"aioseo_notices":[],"wps_subtitle":"","_links":{"self":[{"href":"https:\/\/blog2.talentoteca.es\/blog\/wp-json\/wp\/v2\/posts\/3493","targetHints":{"allow":["GET"]}}],"collection":[{"href":"https:\/\/blog2.talentoteca.es\/blog\/wp-json\/wp\/v2\/posts"}],"about":[{"href":"https:\/\/blog2.talentoteca.es\/blog\/wp-json\/wp\/v2\/types\/post"}],"author":[{"embeddable":true,"href":"https:\/\/blog2.talentoteca.es\/blog\/wp-json\/wp\/v2\/users\/68"}],"replies":[{"embeddable":true,"href":"https:\/\/blog2.talentoteca.es\/blog\/wp-json\/wp\/v2\/comments?post=3493"}],"version-history":[{"count":5,"href":"https:\/\/blog2.talentoteca.es\/blog\/wp-json\/wp\/v2\/posts\/3493\/revisions"}],"predecessor-version":[{"id":3514,"href":"https:\/\/blog2.talentoteca.es\/blog\/wp-json\/wp\/v2\/posts\/3493\/revisions\/3514"}],"wp:featuredmedia":[{"embeddable":true,"href":"https:\/\/blog2.talentoteca.es\/blog\/wp-json\/wp\/v2\/media\/3496"}],"wp:attachment":[{"href":"https:\/\/blog2.talentoteca.es\/blog\/wp-json\/wp\/v2\/media?parent=3493"}],"wp:term":[{"taxonomy":"category","embeddable":true,"href":"https:\/\/blog2.talentoteca.es\/blog\/wp-json\/wp\/v2\/categories?post=3493"},{"taxonomy":"post_tag","embeddable":true,"href":"https:\/\/blog2.talentoteca.es\/blog\/wp-json\/wp\/v2\/tags?post=3493"}],"curies":[{"name":"wp","href":"https:\/\/api.w.org\/{rel}","templated":true}]}}