{"id":3914,"date":"2024-01-31T12:24:55","date_gmt":"2024-01-31T10:24:55","guid":{"rendered":"https:\/\/www.talentoteca.es\/blog\/?p=3914"},"modified":"2024-01-31T12:34:41","modified_gmt":"2024-01-31T10:34:41","slug":"pablo-muriedas-lo-que-mas-valoro-de-los-companeros-que-me-he-ido-cruzando-es","status":"publish","type":"post","link":"https:\/\/blog2.talentoteca.es\/blog\/pablo-muriedas-lo-que-mas-valoro-de-los-companeros-que-me-he-ido-cruzando-es\/","title":{"rendered":"Pablo Muriedas &#8220;lo que m\u00e1s valoro de los compa\u00f1eros que me he ido cruzando es&#8221;"},"content":{"rendered":"\n<p><strong>Pablo, eres Responsable de Comunicaci\u00f3n &amp; PR de <a href=\"https:\/\/www.linkedin.com\/company\/luda-partners-sl\/\">Luda Partners <\/a>pero, has trabajado en diversas empresas\u2026 \u00bfNos haces una autopresentaci\u00f3n? \u00bfQui\u00e9n eres y qu\u00e9 has hecho en tu carrera?<\/strong><\/p>\n\n\n\n<p>Mi nombre es <a href=\"https:\/\/www.linkedin.com\/in\/pablo-muriedas-castillo\/\">Pablo Muriedas<\/a>, nac\u00ed en Santander hace 34 a\u00f1os y desde muy peque\u00f1ito tuve claro que me quer\u00eda dedicar al mundo de la comunicaci\u00f3n. En mi casa a\u00fan conservo el primer intento de libro que escrib\u00ed cuando no ten\u00eda ni idea de c\u00f3mo plasmar apenas un par de ideas sobre el papel, pero ilusi\u00f3n no me faltaba.<\/p>\n\n\n\n<p>Estudi\u00e9 Periodismo y Comunicaci\u00f3n Audiovisual en Madrid, ciudad en la que vivo desde hace m\u00e1s de 15 a\u00f1os, y posteriormente, curs\u00e9 un M\u00e1ster en Radio y Locuci\u00f3n y otro en Inbound Marketing y Copywriting. He trabajado en diversos medios de comunicaci\u00f3n de cobertura nacional y auton\u00f3mica y he podido desarrollarme como profesional de la comunicaci\u00f3n corporativa en varias empresas y agencias.<\/p>\n\n\n\n<p><strong>\u00bfCu\u00e1les crees que son las habilidades profesionales que m\u00e1s te definen?<\/strong><\/p>\n\n\n\n<p>Me considero una persona muy constante y con una alta capacidad para enfocar mi trabajo diario en objetivos concretos. Adem\u00e1s, me gusta formar parte de entornos de trabajo que se basan en la empat\u00eda y la superaci\u00f3n de retos para continuar avanzando. Creo que es muy importante desarrollar al m\u00e1ximo la inteligencia emocional para tomar decisiones de manera constructiva y superar barreras.<\/p>\n\n\n\n<p><strong>\u00bfQu\u00e9 es exactamente LUDA Partners y qu\u00e9 haces en tu d\u00eda a d\u00eda en la compa\u00f1\u00eda?<\/strong><\/p>\n\n\n\n<p>LUDA Partners es la primera y \u00fanica red digital de farmacias que existe en Espa\u00f1a. Gracias a la capacidad tecnol\u00f3gica de la compa\u00f1\u00eda, hemos desarrollado una herramienta que permite a los farmac\u00e9uticos comunitarios aportar una respuesta inmediata cuando un paciente acude a su establecimiento en busca de un medicamento y no se lo pueden dispensar porque presenta una falta de suministro o se encuentra desabastecido. En menos de un segundo, el farmac\u00e9utico, a trav\u00e9s de la herramienta LUDA, le puede indicar las 20 farmacias m\u00e1s cercanas que s\u00ed disponen del producto solicitado y que sea el paciente el que se desplace directamente a recogerlo con su correspondiente receta.<\/p>\n\n\n\n<p>En el segundo eje de LUDA, ayudamos a las farmacias en su proceso de digitalizaci\u00f3n para que comiencen a vender online sus productos de parafarmacia. Para ello, somos partners de los gigantes del quickcommerce a nivel mundial, como son Glovo, Uber y Just Eat. Adem\u00e1s, tambi\u00e9n trabajamos con los laboratorios l\u00edderes de cada vertical principal de farmacia y con marketplaces de referencia. De este modo, \u201csubi\u00e9ndose a los hombros\u201d de todos ellos, las boticas de la red de LUDA reciben ventas de parafarmacia sin tener que disponer de una p\u00e1gina web ni realizar ning\u00fan tipo de inversi\u00f3n.<\/p>\n\n\n\n<p>En cuanto a mi trabajo diario en LUDA, en l\u00edneas generales, me encargo de definir la estrategia y el plan de comunicaci\u00f3n online y offline de la compa\u00f1\u00eda, superviso los contenidos que se publican en cada uno de nuestros canales de difusi\u00f3n, planifico y ejecuto acciones de PR con medios de comunicaci\u00f3n e influencers del sector, me hago cargo de la organizaci\u00f3n de eventos de presentaci\u00f3n de nuestro proyecto, gestiono acuerdos con empresas colaboradoras transmitiendo los valores de la marca\u2026 Mi rutina es muy variada y no tengo tiempo para el aburrimiento. En LUDA, cada d\u00eda es diferente y eso es algo que me resulta muy gratificante.<\/p>\n\n\n\n<p>Por ejemplo, hace unas semanas, hemos empezado un proyecto muy bonito con asociaciones de pacientes de toda Espa\u00f1a para que puedan ayudar a sus socios a encontrar la medicaci\u00f3n que necesitan en las farmacias m\u00e1s cercanas a sus casas y sin que su salud se vea comprometida por no poder continuar con sus tratamientos debido a la situaci\u00f3n de desabastecimiento actual.<\/p>\n\n\n\n<p><strong>\u00bfC\u00f3mo es el proceso de crecimiento de la empresa? \u00bfTiene expectativas de expansi\u00f3n?<\/strong><\/p>\n\n\n\n<p>La verdad es que estamos muy contentos con los resultados obtenidos en los \u00faltimos meses. Llevamos una constante tendencia al alza. LUDA est\u00e1 creciendo muy r\u00e1pidamente y eso refleja que el proyecto es muy bien recibido por las farmacias de toda Espa\u00f1a, que son capaces de valorar todo lo que aporta la tecnolog\u00eda a su coraz\u00f3n asistencial y empresarial. Ya hemos superado la barrera de las 3.500 farmacias conectadas en red y m\u00e1s de 250.000 pacientes han podido continuar con sus tratamientos gracias a la localizaci\u00f3n de medicamentos en la herramienta LUDA.<\/p>\n\n\n\n<p>En cuanto a la expansi\u00f3n de la compa\u00f1\u00eda, actualmente estamos abriendo mercado en Irlanda y pr\u00f3ximamente daremos el salto a otros pa\u00edses europeos. En Espa\u00f1a, y en este 2024, tenemos el objetivo a corto plazo de alcanzar las 5.000 farmacias adheridas a LUDA.<\/p>\n\n\n\n<p><strong>\u00bfHa habido cambios en la empresa desde la potenciaci\u00f3n de la IA? \u00bfQu\u00e9 opini\u00f3n tienes de la inteligencia artificial?<\/strong><\/p>\n\n\n\n<p>A d\u00eda de hoy, considero que la Inteligencia Artificial es una herramienta muy poderosa que puede proporcionar grandes beneficios, pero tambi\u00e9n hay que tener en cuenta que plantea determinados desaf\u00edos \u00e9ticos y sociales que deben abordarse cuidadosamente.<\/p>\n\n\n\n<p>La percepci\u00f3n de la IA depende de c\u00f3mo se implementa y utiliza. En LUDA nos est\u00e1 sirviendo, sobre todo, para agilizar procesos y que, de esa forma, seamos a\u00fan m\u00e1s productivos en las tareas de cada uno de los departamentos.<\/p>\n\n\n\n<p>Con el enorme desarrollo digital que estamos viviendo en los \u00faltimos meses, creo que la aut\u00e9ntica diferenciaci\u00f3n de los profesionales y las compa\u00f1\u00edas pasa por el impulso de la creatividad y la capacidad de innovar de manera constante. En un mundo donde la tecnolog\u00eda avanza r\u00e1pidamente, la creatividad es nuestra aliada y ya se ha convertido en un activo esencial para encontrar soluciones originales, adaptarse a los cambios y generar ideas disruptivas.<strong><\/strong><\/p>\n\n\n\n<p><strong>Personalmente, adem\u00e1s de marketing online has trabajado en radio en lugares como RNE u Onda Cero \u00bfCu\u00e1les eran tus tareas? \u00bfEchas de menos ese sector?<\/strong><\/p>\n\n\n\n<p>Comenc\u00e9 como becario en la radio y fue una experiencia incre\u00edble. S\u00ed es cierto que echo bastante de menos ese campo de la comunicaci\u00f3n porque es un medio que tiene un ritmo fren\u00e9tico que te permite mantenerte actualizada al minuto y es una gran escuela que te ense\u00f1a a resolver situaciones complejas con mucha rapidez.<\/p>\n\n\n\n<p>Durante mi etapa en Onda Cero y Radio Nacional de Espa\u00f1a trabaj\u00e9 como redactor y locutor en Informativos y en programas de actualidad general con diversas tem\u00e1ticas. Realizaba entrevistas, piezas en directo, boletines informativos y contenido web, entre otras tareas.<\/p>\n\n\n\n<p><strong>Has trabajado en muchas empresas diferentes, con lo que has conocido muchos profesionales, \u00bfQu\u00e9 cualidades te han llamado la atenci\u00f3n de aquellos que m\u00e1s te han marcado?<\/strong><\/p>\n\n\n\n<p>Sobre todo, lo que m\u00e1s valoro de los diferentes profesionales y compa\u00f1eros que me he ido cruzando en mi camino es su pensamiento anal\u00edtico, que les permite tomar decisiones fundamentadas. Es una fortaleza que admiro mucho. Adem\u00e1s, para mi tambi\u00e9n es muy importante que las personas que me rodean tengan iniciativa y proactividad, estando dispuestos siempre a asumir responsabilidades, as\u00ed como una buena \u00e9tica profesional y honestidad como cualidades fundamentales.<\/p>\n\n\n\n<p><strong>\u00bfQu\u00e9 consejos dar\u00edas a una persona de 30 a\u00f1os en su trayectoria profesional? \u00bfY a un joven reci\u00e9n graduado?<\/strong><\/p>\n\n\n\n<p>Para un profesional que se encuentra ya en la treintena, sobre todo, el consejo que puedo darle, y que a mi me ha funcionado siempre, es que se tome el tiempo necesario para evaluar sus habilidades, fortalezas y \u00e1reas de mejora. Sobre todo, que tenga muy bien definidas sus metas a corto y largo plazo y que vaya ajustando su trayectoria seg\u00fan los diferentes retos que se vaya encontrando en el camino.<\/p>\n\n\n\n<p>Y para un reci\u00e9n graduado, yo creo que la primera etapa de cada carrera es un momento para explorar. Lo que recomiendo es que se experimente con diferentes roles y entornos laborales para poder descubrir los verdaderos intereses y fortalezas de cada uno. Y siento ser muy pesado, pero creo que siempre hay que trabajar, adem\u00e1s de en las habilidades t\u00e9cnicas, en el desarrollo de otras competencias no tan explotadas como la comunicaci\u00f3n afectiva y el trabajo en equipo.<\/p>\n\n\n\n<p><strong>Seguro que has trabajado con mucho talento joven de pr\u00e1cticas \u00bfQu\u00e9 opini\u00f3n tienes de estos per\u00edodos?<\/strong><\/p>\n\n\n\n<p>Las pr\u00e1cticas me han servido para formar parte de entornos laborales reales, que es algo muy importante, m\u00e1s all\u00e1 de la teor\u00eda que se incluye en cualquier programa de formaci\u00f3n. Lo que m\u00e1s me llam\u00f3 la atenci\u00f3n de los per\u00edodos de pr\u00e1cticas, y a d\u00eda de hoy tambi\u00e9n me sigue sorprendiendo, es que te permiten conectarte directamente con una industria o sector y comenzar a construir redes profesionales.<\/p>\n\n\n\n<p>Adem\u00e1s, son una v\u00eda para que las empresas pulan el potencial de empleados antes de la contrataci\u00f3n a largo plazo y a ti, como becario, si se construye un entorno de trabajo positivo, te ayudar\u00e1 a definir tu perfil profesional y podr\u00e1s trabajar, mano a mano, con otros compa\u00f1eros de los que absorber much\u00edsimo conocimiento y experiencias.<\/p>\n\n\n\n<p><strong>Algo que quieres decirle a los j\u00f3venes que van a empezar su carrera profesional.<\/strong><\/p>\n\n\n\n<p>Que sean aut\u00e9nticos y abracen siempre esa autenticidad, permiti\u00e9ndose cometer errores, que definan metas profesionales claras a corto y largo plazo y que cuiden mucho su bienestar personal. El equilibrio entre el trabajo y la vida personal es crucial.<\/p>\n\n\n\n<p><\/p>\n\n\n\n<h2 class=\"has-text-align-center wp-block-heading\">\u00bfC\u00f3mo encontrar tus&nbsp;<a href=\"https:\/\/www.talentoteca.es\/\" target=\"_blank\" rel=\"noreferrer noopener\">pr\u00e1cticas remuneradas<\/a>?<\/h2>\n\n\n\n<ol class=\"wp-block-list\"><li>Entra en nuestro portal de pr\u00e1cticas y primer empleo,&nbsp;<a href=\"https:\/\/www.talentoteca.es\/\" target=\"_blank\" rel=\"noreferrer noopener\">Talentoteca<\/a><\/li><li><a href=\"https:\/\/www.talentoteca.es\/signup\">Reg\u00edstrate<\/a>&nbsp;y crea tu perfil para encontrar las ofertas que mejor se adapten a tu formaci\u00f3n<\/li><li>Accede a miles de<a href=\"https:\/\/www.talentoteca.es\/finder\/\">&nbsp;pr\u00e1cticas remuneradas<\/a>&nbsp;en empresas l\u00edderes en su sector. \u00bfTe unes?<\/li><\/ol>\n","protected":false},"excerpt":{"rendered":"<p>Pablo, eres Responsable de Comunicaci\u00f3n &amp; PR de Luda Partners pero, has trabajado en diversas empresas\u2026 \u00bfNos haces una autopresentaci\u00f3n? \u00bfQui\u00e9n eres y qu\u00e9 has hecho en tu carrera? Mi nombre es Pablo Muriedas, nac\u00ed en Santander hace 34 a\u00f1os y desde muy peque\u00f1ito tuve claro que me quer\u00eda dedicar al mundo de la comunicaci\u00f3n. En mi casa a\u00fan conservo el primer intento de libro que escrib\u00ed cuando no ten\u00eda ni idea de c\u00f3mo plasmar apenas un par de ideas sobre el papel, pero ilusi\u00f3n no me faltaba. Estudi\u00e9 Periodismo y Comunicaci\u00f3n Audiovisual en Madrid, ciudad en la que vivo desde hace m\u00e1s de 15 a\u00f1os, y posteriormente, curs\u00e9 un M\u00e1ster en Radio y Locuci\u00f3n y otro en Inbound Marketing y Copywriting. He trabajado en diversos medios de comunicaci\u00f3n de cobertura nacional y auton\u00f3mica y he podido desarrollarme como profesional de la comunicaci\u00f3n corporativa en varias empresas y agencias. \u00bfCu\u00e1les [&hellip;]<\/p>\n","protected":false},"author":86,"featured_media":3915,"comment_status":"open","ping_status":"open","sticky":false,"template":"","format":"standard","meta":{"om_disable_all_campaigns":false,"_exactmetrics_skip_tracking":false,"_exactmetrics_sitenote_active":false,"_exactmetrics_sitenote_note":"","_exactmetrics_sitenote_category":0,"_uf_show_specific_survey":0,"_uf_disable_surveys":false,"footnotes":""},"categories":[216,1],"tags":[],"class_list":["post-3914","post","type-post","status-publish","format-standard","has-post-thumbnail","hentry","category-entrevistas","category-sin-categoria"],"aioseo_notices":[],"wps_subtitle":"","_links":{"self":[{"href":"https:\/\/blog2.talentoteca.es\/blog\/wp-json\/wp\/v2\/posts\/3914","targetHints":{"allow":["GET"]}}],"collection":[{"href":"https:\/\/blog2.talentoteca.es\/blog\/wp-json\/wp\/v2\/posts"}],"about":[{"href":"https:\/\/blog2.talentoteca.es\/blog\/wp-json\/wp\/v2\/types\/post"}],"author":[{"embeddable":true,"href":"https:\/\/blog2.talentoteca.es\/blog\/wp-json\/wp\/v2\/users\/86"}],"replies":[{"embeddable":true,"href":"https:\/\/blog2.talentoteca.es\/blog\/wp-json\/wp\/v2\/comments?post=3914"}],"version-history":[{"count":1,"href":"https:\/\/blog2.talentoteca.es\/blog\/wp-json\/wp\/v2\/posts\/3914\/revisions"}],"predecessor-version":[{"id":3916,"href":"https:\/\/blog2.talentoteca.es\/blog\/wp-json\/wp\/v2\/posts\/3914\/revisions\/3916"}],"wp:featuredmedia":[{"embeddable":true,"href":"https:\/\/blog2.talentoteca.es\/blog\/wp-json\/wp\/v2\/media\/3915"}],"wp:attachment":[{"href":"https:\/\/blog2.talentoteca.es\/blog\/wp-json\/wp\/v2\/media?parent=3914"}],"wp:term":[{"taxonomy":"category","embeddable":true,"href":"https:\/\/blog2.talentoteca.es\/blog\/wp-json\/wp\/v2\/categories?post=3914"},{"taxonomy":"post_tag","embeddable":true,"href":"https:\/\/blog2.talentoteca.es\/blog\/wp-json\/wp\/v2\/tags?post=3914"}],"curies":[{"name":"wp","href":"https:\/\/api.w.org\/{rel}","templated":true}]}}