{"id":3988,"date":"2024-05-14T10:28:50","date_gmt":"2024-05-14T08:28:50","guid":{"rendered":"https:\/\/www.talentoteca.es\/blog\/?p=3988"},"modified":"2024-05-14T10:34:41","modified_gmt":"2024-05-14T08:34:41","slug":"orientacion-a-la-busqueda-de-empleo-y-formacion-maria-cacho","status":"publish","type":"post","link":"https:\/\/blog2.talentoteca.es\/blog\/orientacion-a-la-busqueda-de-empleo-y-formacion-maria-cacho\/","title":{"rendered":"Orientaci\u00f3n a la b\u00fasqueda de empleo y formaci\u00f3n &#8211; Mar\u00eda Cacho"},"content":{"rendered":"\n<p><strong>Hola Mar\u00eda, tienes diferentes estudios y has trabajado en varios sitios, nos puedes hacer una breve introducci\u00f3n a ti, \u00bfQui\u00e9n eres y qu\u00e9 has hecho?<\/strong>  <\/p>\n\n\n\n<p>Hola, mi nombre es Mar\u00eda Cacho y actualmente, soy Fundadora de Empl\u00e9ate con Talento, canal digital gratuito de orientaci\u00f3n vocacional y desarrollo profesional para la b\u00fasqueda de empleo, la formaci\u00f3n continua y el emprendimiento.<\/p>\n\n\n\n<p><br>Soy Licenciada en Pedagog\u00eda y he completado mi formaci\u00f3n con un M\u00e1ster en Recursos Humanos y&nbsp;varios Programas Ejecutivos en Direcci\u00f3n de Empresas, Gesti\u00f3n de Proyectos y Marketing Digital.<br><br>Cuento con m\u00e1s de 20 a\u00f1os de experiencia profesional en las \u00e1reas de recursos humanos y docencia, principalmente en empresas&nbsp;de educaci\u00f3n, consultor\u00eda y tecnolog\u00eda.<br><br>La ense\u00f1anza y la orientaci\u00f3n acad\u00e9mica y profesional siempre han sido mi gran vocaci\u00f3n, por lo que desde hace m\u00e1s de 15 a\u00f1os compagino mi actividad profesional impartiendo formaci\u00f3n, mentoring y coachig en varias instituciones educativas y fundaciones, donde ayudo a mis alumnos y mentorizados a lograr sus objetivos profesionales y empresariales.<\/p>\n\n\n\n<p><strong>Eres fundadora de Empl\u00e9ate con Talento, \u00bfC\u00f3mo comenz\u00f3 el proyecto y qu\u00e9 dificultades has tenido?<\/strong><\/p>\n\n\n\n<p><strong>Empl\u00e9ate con Talento<\/strong> <a href=\"http:\/\/www.empleatecontalento.es\">empleatecontalento.es<\/a> naci\u00f3 como un proyecto personal con un objetivo claro: <strong>brindar apoyo continuo a mis alumnos y mentorizados en su camino hacia el \u00e9xito profesional.<\/strong><\/p>\n\n\n\n<p>Comenc\u00e9 con un blog, donde compart\u00eda recursos e informaci\u00f3n \u00fatil para la b\u00fasqueda de empleo, la formaci\u00f3n continua y el emprendimiento. Poco a poco, el blog fue creciendo en popularidad, atrayendo a miles de visitantes cada mes.<\/p>\n\n\n\n<p><strong>Las mayores dificultades que he tenido:<\/strong><strong><\/strong><\/p>\n\n\n\n<ul class=\"wp-block-list\"><li><strong>Gestionar el tiempo:<\/strong>&nbsp;Compaginar la creaci\u00f3n de contenido con mi trabajo como formadora y mentora era un desaf\u00edo constante.<\/li><li><strong>Construir una comunidad:<\/strong>&nbsp;Crear un espacio de interacci\u00f3n y apoyo entre los lectores requer\u00eda esfuerzo y dedicaci\u00f3n.<\/li><\/ul>\n\n\n\n<p><strong>Sin embargo, la pasi\u00f3n por ayudar a las personas me impuls\u00f3 a seguir adelante.<\/strong> A medida que la comunidad crec\u00eda, tambi\u00e9n lo hac\u00eda mi compromiso con ella y <strong>mi objetivo personal es seguir inspirando y empoderando a las personas que lo necesiten para que logren sus sue\u00f1os profesionales.<\/strong><\/p>\n\n\n\n<p><strong>\u00bfCu\u00e1les son los contenidos que m\u00e1s inter\u00e9s causan en tu audiencia?<\/strong><\/p>\n\n\n\n<p><strong>En Empl\u00e9ate con Talento<\/strong><strong>, nos apasiona ayudar a las personas a lograr sus metas profesionales. <\/strong>Por ello, ofrecemos una amplia gama de <strong>contenidos gratuitos<\/strong> que abarcan diversos temas de inter\u00e9s para nuestra audiencia. <strong>Entre los m\u00e1s populares est\u00e1n:<\/strong><strong><\/strong><\/p>\n\n\n\n<p><strong>1. B\u00fasqueda de empleo:<\/strong><strong><\/strong><\/p>\n\n\n\n<p><strong>Gu\u00eda completa para elaborar un Curr\u00edculum Vitae paso a paso<\/strong>, con plantillas gratuitas.<\/p>\n\n\n\n<p><strong>Amplio directorio de Webs de Empleo<\/strong>&nbsp;para encontrar ofertas en diferentes \u00e1reas y sectores.<\/p>\n\n\n\n<p><strong>Listados de Empresas que Ofrecen Empleo y Pr\u00e1cticas<\/strong>&nbsp;por sectores.<\/p>\n\n\n\n<p>Acceso a Directorios de Becas y Pr\u00e1cticas para trabajar.<\/p>\n\n\n\n<p><strong>Gu\u00eda Completa para afrontar una entrevista de trabajo con \u00e9xito<\/strong>.<\/p>\n\n\n\n<p><strong>2<\/strong><strong>. Formaci\u00f3n y desarrollo profesional:<\/strong><strong><\/strong><\/p>\n\n\n\n<p><strong>Directorio de Cursos Gratuitos<\/strong>&nbsp;para mejorar tus habilidades y ampliar tu formaci\u00f3n.<\/p>\n\n\n\n<p><strong>Gu\u00eda para Estudiar Ingl\u00e9s Gratis<\/strong>&nbsp;y mejorar tu empleabilidad.<\/p>\n\n\n\n<p><strong>3<\/strong><strong>. Emprendimiento:<\/strong><strong><\/strong><\/p>\n\n\n\n<p>Directorio de Portales de Empleo para buscar proyectos para freelances y profesionales.<\/p>\n\n\n\n<p>Informaci\u00f3n sobre Ayudas, subvenciones y financiaci\u00f3n para Emprender.<\/p>\n\n\n\n<p><strong>\u00bfCu\u00e1l es el objetivo del proyecto?<\/strong><\/p>\n\n\n\n<p>El objetivo de Empl\u00e9ate con Talento es ser un <strong>canal de referencia para la orientaci\u00f3n vocacional y el desarrollo profesional<\/strong> que luche contra la desigualdad de oportunidades laborales, poniendo a disposici\u00f3n de quien lo necesita <strong>informaci\u00f3n de actualidad, recursos, herramientas, plantillas y consejos para la b\u00fasqueda de empleo, la formaci\u00f3n continua y el emprendimiento<\/strong>.<\/p>\n\n\n\n<p><strong>\u00bfAlgo m\u00e1s que nos quieras contar sobre ello?<\/strong><\/p>\n\n\n\n<p>En <strong>Empl\u00e9ate con Talento<\/strong>, compartimos la filosof\u00eda de que <strong>&#8220;Todo es posible si sabes c\u00f3mo&#8221;<\/strong>. Por ello, nuestro canal se convierte en un espacio de referencia, brindando los recursos y el conocimiento necesarios para alcanzar las metas profesionales.<strong><\/strong><\/p>\n\n\n\n<p><strong>Bajo tu larga experiencia en el sector, \u00bfCu\u00e1l crees que es el secreto o qu\u00e9 hay que hacer para encontrar empleo?<\/strong><\/p>\n\n\n\n<ul class=\"wp-block-list\"><li><strong>Define tu vocaci\u00f3n y objetivos profesionales:<\/strong>&nbsp;Investiga, lee, consulta a profesionales de la orientaci\u00f3n laboral si lo necesitas. Claridad en tu camino es fundamental.<\/li><li><strong>Optimiza tu curr\u00edculum, carta de presentaci\u00f3n y perfil de LinkedIn:<\/strong>&nbsp;Enf\u00f3calos a tus objetivos, utiliza palabras clave de las ofertas que te interesan para mejorar tu posicionamiento.<\/li><li><strong>Investiga las mejores webs de empleo para tu sector:<\/strong>&nbsp;Encuentra las ofertas que coincidan con tus intereses.<\/li><li><strong>Activa tu red de contactos:<\/strong>&nbsp;Comparte tu b\u00fasqueda con amigos, familiares y colegas. Asiste a eventos de networking.<\/li><li><strong>Practica tus habilidades para las entrevistas:<\/strong>&nbsp;Investiga sobre la empresa y el puesto, prep\u00e1rate para responder preguntas comunes y simula entrevistas.<\/li><li><strong>Mant\u00e9n una actitud positiva y proactiva:<\/strong>&nbsp;No te desanimes por las negativas, sigue buscando y mejorando tu perfil.<\/li><\/ul>\n\n\n\n<p><strong>Has hecho uno de los cursos gratuitos para mujeres en Madrid que ofrece la FUE, \u00bfQu\u00e9 tal ha sido la experiencia?<\/strong><\/p>\n\n\n\n<p>Muy buena, he podido adquirir conocimientos en SEO y SEM que voy a poder aplicar en mi proyecto de emprendimiento social \u201cEmpl\u00e9ate con Talento\u201d.<\/p>\n\n\n\n<p><strong>\u00bfC\u00f3mo te enteraste del curso?<\/strong><\/p>\n\n\n\n<p>Por una antigua alumna que fue a su vez alumna m\u00eda.<\/p>\n\n\n\n<p><strong>Define con tres palabras lo que ha significado el curso para ti.<\/strong><\/p>\n\n\n\n<p>Actualizar conocimientos gratuitamente.<\/p>\n\n\n\n<p><strong>\u00bfRecomiendas estos cursos a otras mujeres?<\/strong><\/p>\n\n\n\n<p>Si, ya que es una oportunidad muy buena para ampliar conocimientos en temas digitales, sobre todo en aspectos como: SEO, SEM, redes sociales, marketing digital, etc.<\/p>\n","protected":false},"excerpt":{"rendered":"<p>Hola Mar\u00eda, tienes diferentes estudios y has trabajado en varios sitios, nos puedes hacer una breve introducci\u00f3n a ti, \u00bfQui\u00e9n eres y qu\u00e9 has hecho? Hola, mi nombre es Mar\u00eda Cacho y actualmente, soy Fundadora de Empl\u00e9ate con Talento, canal digital gratuito de orientaci\u00f3n vocacional y desarrollo profesional para la b\u00fasqueda de empleo, la formaci\u00f3n continua y el emprendimiento. Soy Licenciada en Pedagog\u00eda y he completado mi formaci\u00f3n con un M\u00e1ster en Recursos Humanos y&nbsp;varios Programas Ejecutivos en Direcci\u00f3n de Empresas, Gesti\u00f3n de Proyectos y Marketing Digital. Cuento con m\u00e1s de 20 a\u00f1os de experiencia profesional en las \u00e1reas de recursos humanos y docencia, principalmente en empresas&nbsp;de educaci\u00f3n, consultor\u00eda y tecnolog\u00eda. La ense\u00f1anza y la orientaci\u00f3n acad\u00e9mica y profesional siempre han sido mi gran vocaci\u00f3n, por lo que desde hace m\u00e1s de 15 a\u00f1os compagino mi actividad profesional impartiendo formaci\u00f3n, mentoring y coachig en varias instituciones educativas y fundaciones, donde [&hellip;]<\/p>\n","protected":false},"author":1,"featured_media":3992,"comment_status":"open","ping_status":"open","sticky":false,"template":"","format":"standard","meta":{"om_disable_all_campaigns":false,"_exactmetrics_skip_tracking":false,"_exactmetrics_sitenote_active":false,"_exactmetrics_sitenote_note":"","_exactmetrics_sitenote_category":0,"_uf_show_specific_survey":0,"_uf_disable_surveys":false,"footnotes":""},"categories":[104,220],"tags":[225],"class_list":["post-3988","post","type-post","status-publish","format-standard","has-post-thumbnail","hentry","category-actualidad-profesional","category-buscar-practicas","tag-busqueda-de-empleo"],"aioseo_notices":[],"wps_subtitle":"","_links":{"self":[{"href":"https:\/\/blog2.talentoteca.es\/blog\/wp-json\/wp\/v2\/posts\/3988","targetHints":{"allow":["GET"]}}],"collection":[{"href":"https:\/\/blog2.talentoteca.es\/blog\/wp-json\/wp\/v2\/posts"}],"about":[{"href":"https:\/\/blog2.talentoteca.es\/blog\/wp-json\/wp\/v2\/types\/post"}],"author":[{"embeddable":true,"href":"https:\/\/blog2.talentoteca.es\/blog\/wp-json\/wp\/v2\/users\/1"}],"replies":[{"embeddable":true,"href":"https:\/\/blog2.talentoteca.es\/blog\/wp-json\/wp\/v2\/comments?post=3988"}],"version-history":[{"count":1,"href":"https:\/\/blog2.talentoteca.es\/blog\/wp-json\/wp\/v2\/posts\/3988\/revisions"}],"predecessor-version":[{"id":3990,"href":"https:\/\/blog2.talentoteca.es\/blog\/wp-json\/wp\/v2\/posts\/3988\/revisions\/3990"}],"wp:featuredmedia":[{"embeddable":true,"href":"https:\/\/blog2.talentoteca.es\/blog\/wp-json\/wp\/v2\/media\/3992"}],"wp:attachment":[{"href":"https:\/\/blog2.talentoteca.es\/blog\/wp-json\/wp\/v2\/media?parent=3988"}],"wp:term":[{"taxonomy":"category","embeddable":true,"href":"https:\/\/blog2.talentoteca.es\/blog\/wp-json\/wp\/v2\/categories?post=3988"},{"taxonomy":"post_tag","embeddable":true,"href":"https:\/\/blog2.talentoteca.es\/blog\/wp-json\/wp\/v2\/tags?post=3988"}],"curies":[{"name":"wp","href":"https:\/\/api.w.org\/{rel}","templated":true}]}}