{"id":4825,"date":"2025-06-03T16:55:47","date_gmt":"2025-06-03T14:55:47","guid":{"rendered":"https:\/\/www.talentoteca.es\/blog\/?p=4825"},"modified":"2025-06-10T14:08:23","modified_gmt":"2025-06-10T12:08:23","slug":"10-tips-para-clavar-tu-discurso-de-graduacion-con-angel-domingo-de-ledu","status":"publish","type":"post","link":"https:\/\/blog2.talentoteca.es\/blog\/10-tips-para-clavar-tu-discurso-de-graduacion-con-angel-domingo-de-ledu\/","title":{"rendered":"10 tips para clavar tu discurso de graduaci\u00f3n con \u00c1ngel Domingo, de LEDU"},"content":{"rendered":"\n<p>Vale, te ha tocado dar el discurso de graduaci\u00f3n. O lo has pedido t\u00fa, valiente. Sea como sea, tienes delante un micro, un auditorio lleno de gente y unos minutos para decir algo que no suene a copia de internet. Que no cunda el p\u00e1nico, porque hoy viene a echarnos un cable <a href=\"https:\/\/www.linkedin.com\/in\/angel-domingo\/\">\u00c1ngel Domingo<\/a>, director t\u00e9cnico y de comunicaci\u00f3n de <a href=\"https:\/\/ledu.es\/\">LEDU<\/a>, con <strong>8 consejos para que tu speech se recuerde m\u00e1s que el catering<\/strong>. Y spoiler: si todo esto se pudiera resumir en uno solo ser\u00eda&#8230; <em>disfr\u00fatalo<\/em>.<\/p>\n\n\n\n<h2 class=\"wp-block-heading\"><strong><em>Los 8 consejos de \u00c1ngel para tu discurso de graduaci\u00f3n <\/em><\/strong><\/h2>\n\n\n\n<p>1. <strong>Haz que todos se sientan incluidos<\/strong>. Hablas en nombre de toda tu promoci\u00f3n, consulta a tus compa\u00f1eros sobre sus vivencias e impresiones para compartirlas como portavoz aunque tambi\u00e9n incluyas tu experiencia. Usa \u201cnosotros\u201d, \u201ctodos\u201d, \u201cjuntos\u201d\u2026 para que tu audiencia se identifique con tus palabras.<\/p>\n\n\n\n<p>2. <strong>Inspira y emociona<\/strong>: Habla desde el coraz\u00f3n, desde vuestra verdad, compartiendo lo que sent\u00eds ante la nueva etapa -sue\u00f1os, temores\u2026- y lo que hab\u00e9is vivido juntos. S\u00e9 positivo y motiva ante el horizonte que os espera.<\/p>\n\n\n\n<p>3. Cuando prepares tu discurso, haz un <strong>brainstorming<\/strong> personal o en grupo. Selecciona las mejores ideas y ten claro el mensaje, organ\u00edzalo y utiliza recursos ret\u00f3ricos que dar\u00e1n color al discurso.<\/p>\n\n\n\n<p>4. <strong>Consulta con personas de confianza<\/strong> qu\u00e9 les parece tu borrador. As\u00ed sabr\u00e1s si tu mensaje llega, si las bromas les hacen sonre\u00edr o si olvidas alguna cuesti\u00f3n importante.<\/p>\n\n\n\n<p>5. <strong>S\u00e9 natural<\/strong>: Si quieres conectar, s\u00e9 t\u00fa mismo. Olv\u00eddate del papel y excesivas formalidades. Intenta no leerlo. Expr\u00e9sate con tus propias palabras.<\/p>\n\n\n\n<p>6. Habla con <strong>claridad, concisi\u00f3n y precisi\u00f3n<\/strong> sin divagaciones ni excesivos detalles con un discurso estructurado (inicio, nudo y conclusi\u00f3n), un mensaje claro y ajustado al tiempo pautado.<\/p>\n\n\n\n<p>7. <strong>Conecta<\/strong> con tu audiencia. M\u00edrale a los ojos, sonr\u00ede, contagia tu pasi\u00f3n con tus gestos, tu cuerpo y la entonaci\u00f3n de tu voz, variando el ritmo y la velocidad (sin correr) con pausas para destacar frases importantes, dar paso a una nueva idea o conceder un respiro a la audiencia. Mejor contar con un esquema con los puntos principales, que leer el discurso. El papel es un agujero negro que nos atrapa, especialmente cuando nos sentimos inseguros, y aparta constantemente nuestra vista del p\u00fablico.<\/p>\n\n\n\n<p>8. <strong>Controla los nervios<\/strong>. Si hablar en p\u00fablico te impone, tenerlo todo previsto y practicar ejercicios de respiraci\u00f3n profunda y tensi\u00f3n corporal te relajar\u00e1. Espanta pensamientos intrusivos negativos porque lo bordar\u00e1s. Si han confiado en ti, por algo ser\u00e1. Recuerda disfrutar.<\/p>\n\n\n\n<p><\/p>\n\n\n\n<figure class=\"wp-block-image size-full\"><img loading=\"lazy\" decoding=\"async\" width=\"1023\" height=\"617\" src=\"https:\/\/www.talentoteca.es\/blog\/wp-content\/uploads\/2023\/05\/12-1.png\" alt=\"\" class=\"wp-image-3497\" srcset=\"https:\/\/blog2.talentoteca.es\/blog\/wp-content\/uploads\/2023\/05\/12-1.png 1023w, https:\/\/blog2.talentoteca.es\/blog\/wp-content\/uploads\/2023\/05\/12-1-300x181.png 300w, https:\/\/blog2.talentoteca.es\/blog\/wp-content\/uploads\/2023\/05\/12-1-768x463.png 768w\" sizes=\"auto, (max-width: 1023px) 100vw, 1023px\" \/><\/figure>\n\n\n\n<p><\/p>\n\n\n\n<h2 class=\"wp-block-heading\"><strong><em>Bonus Talentoteca: dos trucos que marcan la diferencia\u00a0 <\/em><\/strong><\/h2>\n\n\n\n<p><strong>9. No empieces con \u201cEs un honor estar aqu\u00ed<\/strong>\u2026\u201d: Eso ya lo ha dicho todo el mundo. Mejor empieza con algo m\u00e1s personal, tipo: \u201cHace cuatro a\u00f1os no sab\u00eda ni c\u00f3mo se cog\u00eda el metro para venir a clase, y ahora me estoy graduando. Cosas que pasan.\u201d&nbsp; Si haces re\u00edr de entrada, tienes medio camino hecho.&nbsp;&nbsp;&nbsp;<\/p>\n\n\n\n<p><strong>10<\/strong>. <strong>Mete una an\u00e9cdota que todos recuerden<\/strong>: Muy en l\u00ednea con el consejo 3 de \u00c1ngel. La vez que se fue la luz en mitad de un examen. El grupo de WhatsApp con m\u00e1s memes que apuntes. Esa presentaci\u00f3n que se salv\u00f3 por los pelos. Una menci\u00f3n a algo que vivisteis todos une m\u00e1s que cualquier cita famosa.&nbsp;<\/p>\n\n\n\n<p><strong>Y ahora s\u00ed: enhorabuena, compi. \u00a1A por el catering! <\/strong>&nbsp;&nbsp;&nbsp;&nbsp;<\/p>\n\n\n\n<p>Cuando se acabe la fiesta, p\u00e1sate por <a href=\"https:\/\/www.talentoteca.es\/\">Talentoteca<\/a> y mira todo lo que tenemos para ti: pr\u00e1cticas, becas, primer empleo y oportunidades para seguir creciendo y form\u00e1ndote. Pero tranqui, que lo de la corbata puede esperar.<\/p>\n\n\n\n<p><\/p>\n\n\n\n<h2 class=\"wp-block-heading\">\u00bfC\u00f3mo encontrar tus&nbsp;<a href=\"https:\/\/www.talentoteca.es\/\" target=\"_blank\" rel=\"noreferrer noopener\">pr\u00e1cticas remuneradas<\/a>?<\/h2>\n\n\n\n<ol class=\"wp-block-list\"><li>Entra en nuestro portal de pr\u00e1cticas y primer empleo,&nbsp;<a href=\"https:\/\/www.talentoteca.es\/\" target=\"_blank\" rel=\"noreferrer noopener\">Talentoteca<\/a><\/li><li><a href=\"https:\/\/www.talentoteca.es\/signup\">Reg\u00edstrate<\/a>&nbsp;y crea tu perfil para encontrar las ofertas que mejor se adapten a tu formaci\u00f3n<\/li><li>Accede a miles de<a href=\"https:\/\/www.talentoteca.es\/finder\/\">&nbsp;pr\u00e1cticas remuneradas<\/a>&nbsp;en empresas l\u00edderes en su sector. \u00bfTe unes?<\/li><\/ol>\n","protected":false},"excerpt":{"rendered":"<p>Vale, te ha tocado dar el discurso de graduaci\u00f3n. O lo has pedido t\u00fa, valiente. Sea como sea, tienes delante un micro, un auditorio lleno de gente y unos minutos para decir algo que no suene a copia de internet. Que no cunda el p\u00e1nico, porque hoy viene a echarnos un cable \u00c1ngel Domingo, director t\u00e9cnico y de comunicaci\u00f3n de LEDU, con 8 consejos para que tu speech se recuerde m\u00e1s que el catering. Y spoiler: si todo esto se pudiera resumir en uno solo ser\u00eda&#8230; disfr\u00fatalo. Los 8 consejos de \u00c1ngel para tu discurso de graduaci\u00f3n 1. Haz que todos se sientan incluidos. Hablas en nombre de toda tu promoci\u00f3n, consulta a tus compa\u00f1eros sobre sus vivencias e impresiones para compartirlas como portavoz aunque tambi\u00e9n incluyas tu experiencia. Usa \u201cnosotros\u201d, \u201ctodos\u201d, \u201cjuntos\u201d\u2026 para que tu audiencia se identifique con tus palabras. 2. Inspira y emociona: Habla desde el coraz\u00f3n, [&hellip;]<\/p>\n","protected":false},"author":86,"featured_media":4826,"comment_status":"open","ping_status":"open","sticky":false,"template":"","format":"standard","meta":{"om_disable_all_campaigns":false,"_exactmetrics_skip_tracking":false,"_exactmetrics_sitenote_active":false,"_exactmetrics_sitenote_note":"","_exactmetrics_sitenote_category":0,"_uf_show_specific_survey":0,"_uf_disable_surveys":false,"footnotes":""},"categories":[226,103],"tags":[],"class_list":["post-4825","post","type-post","status-publish","format-standard","has-post-thumbnail","hentry","category-actualidad","category-talento"],"aioseo_notices":[],"wps_subtitle":"","_links":{"self":[{"href":"https:\/\/blog2.talentoteca.es\/blog\/wp-json\/wp\/v2\/posts\/4825","targetHints":{"allow":["GET"]}}],"collection":[{"href":"https:\/\/blog2.talentoteca.es\/blog\/wp-json\/wp\/v2\/posts"}],"about":[{"href":"https:\/\/blog2.talentoteca.es\/blog\/wp-json\/wp\/v2\/types\/post"}],"author":[{"embeddable":true,"href":"https:\/\/blog2.talentoteca.es\/blog\/wp-json\/wp\/v2\/users\/86"}],"replies":[{"embeddable":true,"href":"https:\/\/blog2.talentoteca.es\/blog\/wp-json\/wp\/v2\/comments?post=4825"}],"version-history":[{"count":2,"href":"https:\/\/blog2.talentoteca.es\/blog\/wp-json\/wp\/v2\/posts\/4825\/revisions"}],"predecessor-version":[{"id":4828,"href":"https:\/\/blog2.talentoteca.es\/blog\/wp-json\/wp\/v2\/posts\/4825\/revisions\/4828"}],"wp:featuredmedia":[{"embeddable":true,"href":"https:\/\/blog2.talentoteca.es\/blog\/wp-json\/wp\/v2\/media\/4826"}],"wp:attachment":[{"href":"https:\/\/blog2.talentoteca.es\/blog\/wp-json\/wp\/v2\/media?parent=4825"}],"wp:term":[{"taxonomy":"category","embeddable":true,"href":"https:\/\/blog2.talentoteca.es\/blog\/wp-json\/wp\/v2\/categories?post=4825"},{"taxonomy":"post_tag","embeddable":true,"href":"https:\/\/blog2.talentoteca.es\/blog\/wp-json\/wp\/v2\/tags?post=4825"}],"curies":[{"name":"wp","href":"https:\/\/api.w.org\/{rel}","templated":true}]}}